{"id":1432,"date":"2022-09-26T09:55:49","date_gmt":"2022-09-26T09:55:49","guid":{"rendered":"https:\/\/dbpingenieria.com\/?p=1432"},"modified":"2022-09-26T09:55:49","modified_gmt":"2022-09-26T09:55:49","slug":"feria-mogy","status":"publish","type":"post","link":"https:\/\/fritts.es\/en\/feria-mogy\/","title":{"rendered":"We are at the MOGY fair!"},"content":{"rendered":"<div data-elementor-type=\"wp-post\" data-elementor-id=\"1432\" class=\"elementor elementor-1432\" data-elementor-post-type=\"post\">\n\t\t\t\t\t\t<section class=\"elementor-section elementor-top-section elementor-element elementor-element-c91477a elementor-section-boxed elementor-section-height-default elementor-section-height-default\" data-id=\"c91477a\" data-element_type=\"section\">\n\t\t\t\t\t\t<div class=\"elementor-container elementor-column-gap-default\">\n\t\t\t\t\t<div class=\"elementor-column elementor-col-100 elementor-top-column elementor-element elementor-element-3b138a1\" data-id=\"3b138a1\" data-element_type=\"column\">\n\t\t\t<div class=\"elementor-widget-wrap elementor-element-populated\">\n\t\t\t\t\t\t<div class=\"elementor-element elementor-element-a2313aa elementor-widget elementor-widget-text-editor\" data-id=\"a2313aa\" data-element_type=\"widget\" data-widget_type=\"text-editor.default\">\n\t\t\t\t<div class=\"elementor-widget-container\">\n\t\t\t\t\t\t\t\t\t<p align=\"justify\">Este a\u00f1o el equipo DBP Ingenier\u00eda har\u00e1 presencia en la Feria de la Movilidad y la Sostenibilidad <b>MOGY<\/b>. Estaremos ubicados en el <b>Puerto de Alicante <\/b>del 30 de septiembre al 2 de octubre.<\/p><h2 class=\"western\" align=\"justify\"><a name=\"_64hml22wblno\"><\/a><b>Feria MOGY<\/b><\/h2><p align=\"justify\">Todo nace de la idea de concienciar a las personas de la necesidad de un <b>mundo m\u00e1s sostenible<\/b>. Para ello, se apoya del ayuntamiento de Alicante, y la difusi\u00f3n de sus participantes, aspirando llevar esta interesante propuesta al mayor n\u00famero de personas posibles, y tener m\u00e1s conciencia por el <b>compromiso medioambiental<\/b>.<\/p><p align=\"justify\">Una ciudad sostenible es aquella que ofrece calidad de vida a sus habitantes sin poner en riesgo sus recursos. Tambi\u00e9n recordemos la importancia de la <b>reducci\u00f3n de CO<\/b> para la capa de ozono por el <b>impacto medioambiental<\/b> que se ha generado a lo largo de estos \u00faltimos a\u00f1os. Cada granito de arena que podamos aportar, siempre ser\u00e1 importante.<\/p><p>Desde nuestros principios contribuimos en la b\u00fasqueda de <b>energ\u00eda limpia<\/b>, formando parte de un movimiento dirigido a la sostenibilidad y el impacto ecol\u00f3gico.<\/p><p align=\"justify\">En la feria te mostraremos nuestros servicios de forma detallada y personalizada sobre <b>ingenier\u00eda <\/b>y <b>eficiencia energ\u00e9tica,<\/b> conocer\u00e1s m\u00e1s de nuestros trabajos y experiencia, para que est\u00e9s al tanto de nuestras novedades y servicios.<\/p><p align=\"justify\">Descubre las posibilidades de, no s\u00f3lo reducir da\u00f1os al medio ambiente, sino de reducir el coste energ\u00e9tico, implementando paneles solares e instalaciones aisladas de red en tu negocio u hogar. \u00bfA qu\u00e9 esperas para formar parte del cambio? \u00a1Te ayudamos a cambiar el modelo energ\u00e9tico!<\/p><p align=\"center\"><i>&gt;<\/i><a href=\"https:\/\/dbpingenieria.com\/experiencia\/\"><span style=\"color: #1155cc;\"><i><u>Accede aqu\u00ed<\/u><\/i><\/span><\/a><i> y conoce los casos en los que hemos trabajado, junto a sus reducciones de gastos &lt;<\/i><\/p><p align=\"justify\">haz parte de este evento y recuerda que \u201c<i>Alicante quiere convertirse en los pr\u00f3ximos a\u00f1os en un referente en sostenibilidad y movilidad y por ello est\u00e1 inmerso en m\u00faltiples proyectos que trasladaran a la ciudad una imagen nueva, sostenible y de futuro<\/i>\u201d.<\/p><p align=\"center\"><i>&gt; Si quieres saber m\u00e1s de la feria de la Movilidad y la Sostenibilidad, <\/i><a href=\"https:\/\/www.mogy.es\/alicante\/\"><span style=\"color: #1155cc;\"><i><u>accede aqu\u00ed<\/u><\/i><\/span><\/a><i> &lt;<\/i><\/p>\t\t\t\t\t\t\t\t<\/div>\n\t\t\t\t<\/div>\n\t\t\t\t\t<\/div>\n\t\t<\/div>\n\t\t\t\t\t<\/div>\n\t\t<\/section>\n\t\t\t\t<section class=\"elementor-section elementor-top-section elementor-element elementor-element-2549cb1 elementor-section-boxed elementor-section-height-default elementor-section-height-default\" data-id=\"2549cb1\" data-element_type=\"section\">\n\t\t\t\t\t\t<div class=\"elementor-container elementor-column-gap-default\">\n\t\t\t\t\t<div class=\"elementor-column elementor-col-50 elementor-top-column elementor-element elementor-element-ba24659\" data-id=\"ba24659\" data-element_type=\"column\">\n\t\t\t<div class=\"elementor-widget-wrap elementor-element-populated\">\n\t\t\t\t\t\t<div class=\"elementor-element elementor-element-6e8a705 elementor-widget elementor-widget-image\" data-id=\"6e8a705\" data-element_type=\"widget\" data-widget_type=\"image.default\">\n\t\t\t\t<div class=\"elementor-widget-container\">\n\t\t\t\t\t\t\t\t\t\t\t\t\t\t\t<img fetchpriority=\"high\" decoding=\"async\" width=\"631\" height=\"257\" src=\"https:\/\/fritts.es\/wp-content\/uploads\/2022\/09\/logo-mogy.png\" class=\"attachment-large size-large wp-image-1434\" alt=\"Feria Mogy\" srcset=\"https:\/\/fritts.es\/wp-content\/uploads\/2022\/09\/logo-mogy.png 631w, https:\/\/fritts.es\/wp-content\/uploads\/2022\/09\/logo-mogy-300x122.png 300w\" sizes=\"(max-width: 631px) 100vw, 631px\" \/>\t\t\t\t\t\t\t\t\t\t\t\t\t\t\t<\/div>\n\t\t\t\t<\/div>\n\t\t\t\t\t<\/div>\n\t\t<\/div>\n\t\t\t\t<div class=\"elementor-column elementor-col-50 elementor-top-column elementor-element elementor-element-fa6e2cc\" data-id=\"fa6e2cc\" data-element_type=\"column\">\n\t\t\t<div class=\"elementor-widget-wrap elementor-element-populated\">\n\t\t\t\t\t\t<div class=\"elementor-element elementor-element-a66c344 elementor-widget elementor-widget-image\" data-id=\"a66c344\" data-element_type=\"widget\" data-widget_type=\"image.default\">\n\t\t\t\t<div class=\"elementor-widget-container\">\n\t\t\t\t\t\t\t\t\t\t\t\t\t\t\t<img decoding=\"async\" width=\"800\" height=\"401\" src=\"https:\/\/fritts.es\/wp-content\/uploads\/2022\/09\/logo-dbp-ingenieria-nuevo.jpg\" class=\"attachment-large size-large wp-image-1435\" alt=\"DBP logo\" srcset=\"https:\/\/fritts.es\/wp-content\/uploads\/2022\/09\/logo-dbp-ingenieria-nuevo.jpg 800w, https:\/\/fritts.es\/wp-content\/uploads\/2022\/09\/logo-dbp-ingenieria-nuevo-300x150.jpg 300w, https:\/\/fritts.es\/wp-content\/uploads\/2022\/09\/logo-dbp-ingenieria-nuevo-768x385.jpg 768w\" sizes=\"(max-width: 800px) 100vw, 800px\" \/>\t\t\t\t\t\t\t\t\t\t\t\t\t\t\t<\/div>\n\t\t\t\t<\/div>\n\t\t\t\t\t<\/div>\n\t\t<\/div>\n\t\t\t\t\t<\/div>\n\t\t<\/section>\n\t\t\t\t<\/div>","protected":false},"excerpt":{"rendered":"<p>Este a\u00f1o el equipo DBP Ingenier\u00eda har\u00e1 presencia en la Feria de la Movilidad y la Sostenibilidad MOGY. Estaremos ubicados en el Puerto de Alicante del 30 de septiembre al 2 de octubre. Feria MOGY Todo nace de la idea de concienciar a las personas de la necesidad de un mundo m\u00e1s sostenible. Para ello, [&hellip;]<\/p>","protected":false},"author":2,"featured_media":1443,"comment_status":"open","ping_status":"closed","sticky":false,"template":"","format":"standard","meta":{"footnotes":""},"categories":[1],"tags":[],"class_list":["post-1432","post","type-post","status-publish","format-standard","has-post-thumbnail","hentry","category-uncategorized"],"yoast_head":"<!-- This site is optimized with the Yoast SEO plugin v25.7 - https:\/\/yoast.com\/wordpress\/plugins\/seo\/ -->\n<title>\u00a1Estamos en la Feria Mogy!<\/title>\n<meta name=\"description\" content=\"Este a\u00f1o el equipo DBP Ingenier\u00eda estar\u00e1 en la Feria de la Movilidad y la Sostenibilidad MOGY del 30 de septiembre al 2 de octubre.\" \/>\n<meta name=\"robots\" content=\"index, follow, max-snippet:-1, max-image-preview:large, max-video-preview:-1\" \/>\n<link rel=\"canonical\" href=\"https:\/\/fritts.es\/en\/feria-mogy\/\" \/>\n<meta property=\"og:locale\" content=\"en_GB\" \/>\n<meta property=\"og:type\" content=\"article\" \/>\n<meta property=\"og:title\" content=\"\u00a1Estamos en la Feria Mogy!\" \/>\n<meta property=\"og:description\" content=\"Este a\u00f1o el equipo DBP Ingenier\u00eda estar\u00e1 en la Feria de la Movilidad y la Sostenibilidad MOGY del 30 de septiembre al 2 de octubre.\" \/>\n<meta property=\"og:url\" content=\"https:\/\/fritts.es\/en\/feria-mogy\/\" \/>\n<meta property=\"og:site_name\" content=\"Fritts\" \/>\n<meta property=\"article:published_time\" content=\"2022-09-26T09:55:49+00:00\" \/>\n<meta property=\"og:image\" content=\"https:\/\/fritts.es\/wp-content\/uploads\/2022\/09\/carrusel3_02.09.2022.jpeg\" \/>\n\t<meta property=\"og:image:width\" content=\"1080\" \/>\n\t<meta property=\"og:image:height\" content=\"1080\" \/>\n\t<meta property=\"og:image:type\" content=\"image\/jpeg\" \/>\n<meta name=\"author\" content=\"Blog Fritts\" \/>\n<meta name=\"twitter:card\" content=\"summary_large_image\" \/>\n<meta name=\"twitter:label1\" content=\"Written by\" \/>\n\t<meta name=\"twitter:data1\" content=\"Blog Fritts\" \/>\n\t<meta name=\"twitter:label2\" content=\"Estimated reading time\" \/>\n\t<meta name=\"twitter:data2\" content=\"2 minutes\" \/>\n<script type=\"application\/ld+json\" class=\"yoast-schema-graph\">{\"@context\":\"https:\/\/schema.org\",\"@graph\":[{\"@type\":\"Article\",\"@id\":\"https:\/\/fritts.es\/feria-mogy\/#article\",\"isPartOf\":{\"@id\":\"https:\/\/fritts.es\/feria-mogy\/\"},\"author\":{\"name\":\"Blog Fritts\",\"@id\":\"https:\/\/fritts.es\/#\/schema\/person\/73c6dcd451cf9ef2a8b37e582526c99b\"},\"headline\":\"\u00a1Estamos en la feria MOGY!\",\"datePublished\":\"2022-09-26T09:55:49+00:00\",\"mainEntityOfPage\":{\"@id\":\"https:\/\/fritts.es\/feria-mogy\/\"},\"wordCount\":352,\"commentCount\":0,\"publisher\":{\"@id\":\"https:\/\/fritts.es\/#organization\"},\"image\":{\"@id\":\"https:\/\/fritts.es\/feria-mogy\/#primaryimage\"},\"thumbnailUrl\":\"https:\/\/fritts.es\/wp-content\/uploads\/2022\/09\/carrusel3_02.09.2022.jpeg\",\"articleSection\":[\"Uncategorized\"],\"inLanguage\":\"en-GB\",\"potentialAction\":[{\"@type\":\"CommentAction\",\"name\":\"Comment\",\"target\":[\"https:\/\/fritts.es\/feria-mogy\/#respond\"]}]},{\"@type\":\"WebPage\",\"@id\":\"https:\/\/fritts.es\/feria-mogy\/\",\"url\":\"https:\/\/fritts.es\/feria-mogy\/\",\"name\":\"\u00a1Estamos en la Feria Mogy!\",\"isPartOf\":{\"@id\":\"https:\/\/fritts.es\/#website\"},\"primaryImageOfPage\":{\"@id\":\"https:\/\/fritts.es\/feria-mogy\/#primaryimage\"},\"image\":{\"@id\":\"https:\/\/fritts.es\/feria-mogy\/#primaryimage\"},\"thumbnailUrl\":\"https:\/\/fritts.es\/wp-content\/uploads\/2022\/09\/carrusel3_02.09.2022.jpeg\",\"datePublished\":\"2022-09-26T09:55:49+00:00\",\"description\":\"Este a\u00f1o el equipo DBP Ingenier\u00eda estar\u00e1 en la Feria de la Movilidad y la Sostenibilidad MOGY del 30 de septiembre al 2 de octubre.\",\"breadcrumb\":{\"@id\":\"https:\/\/fritts.es\/feria-mogy\/#breadcrumb\"},\"inLanguage\":\"en-GB\",\"potentialAction\":[{\"@type\":\"ReadAction\",\"target\":[\"https:\/\/fritts.es\/feria-mogy\/\"]}]},{\"@type\":\"ImageObject\",\"inLanguage\":\"en-GB\",\"@id\":\"https:\/\/fritts.es\/feria-mogy\/#primaryimage\",\"url\":\"https:\/\/fritts.es\/wp-content\/uploads\/2022\/09\/carrusel3_02.09.2022.jpeg\",\"contentUrl\":\"https:\/\/fritts.es\/wp-content\/uploads\/2022\/09\/carrusel3_02.09.2022.jpeg\",\"width\":1080,\"height\":1080,\"caption\":\"Feria Mogy\"},{\"@type\":\"BreadcrumbList\",\"@id\":\"https:\/\/fritts.es\/feria-mogy\/#breadcrumb\",\"itemListElement\":[{\"@type\":\"ListItem\",\"position\":1,\"name\":\"Portada\",\"item\":\"https:\/\/fritts.es\/\"},{\"@type\":\"ListItem\",\"position\":2,\"name\":\"\u00a1Estamos en la feria MOGY!\"}]},{\"@type\":\"WebSite\",\"@id\":\"https:\/\/fritts.es\/#website\",\"url\":\"https:\/\/fritts.es\/\",\"name\":\"Fritts\",\"description\":\"Instalaci\u00f3n industrial de placas solares\",\"publisher\":{\"@id\":\"https:\/\/fritts.es\/#organization\"},\"potentialAction\":[{\"@type\":\"SearchAction\",\"target\":{\"@type\":\"EntryPoint\",\"urlTemplate\":\"https:\/\/fritts.es\/?s={search_term_string}\"},\"query-input\":{\"@type\":\"PropertyValueSpecification\",\"valueRequired\":true,\"valueName\":\"search_term_string\"}}],\"inLanguage\":\"en-GB\"},{\"@type\":\"Organization\",\"@id\":\"https:\/\/fritts.es\/#organization\",\"name\":\"Fritts\",\"url\":\"https:\/\/fritts.es\/\",\"logo\":{\"@type\":\"ImageObject\",\"inLanguage\":\"en-GB\",\"@id\":\"https:\/\/fritts.es\/#\/schema\/logo\/image\/\",\"url\":\"https:\/\/fritts.es\/wp-content\/uploads\/2023\/12\/Capa-2.png\",\"contentUrl\":\"https:\/\/fritts.es\/wp-content\/uploads\/2023\/12\/Capa-2.png\",\"width\":974,\"height\":380,\"caption\":\"Fritts\"},\"image\":{\"@id\":\"https:\/\/fritts.es\/#\/schema\/logo\/image\/\"},\"sameAs\":[\"https:\/\/es.linkedin.com\/company\/frittsingenieria\"]},{\"@type\":\"Person\",\"@id\":\"https:\/\/fritts.es\/#\/schema\/person\/73c6dcd451cf9ef2a8b37e582526c99b\",\"name\":\"Blog Fritts\",\"image\":{\"@type\":\"ImageObject\",\"inLanguage\":\"en-GB\",\"@id\":\"https:\/\/fritts.es\/#\/schema\/person\/image\/\",\"url\":\"https:\/\/secure.gravatar.com\/avatar\/5fb6ca79142910e8c5ddbf255418500037cf495c3a10c3cc3ff7f6ec5fbf60e3?s=96&d=mm&r=g\",\"contentUrl\":\"https:\/\/secure.gravatar.com\/avatar\/5fb6ca79142910e8c5ddbf255418500037cf495c3a10c3cc3ff7f6ec5fbf60e3?s=96&d=mm&r=g\",\"caption\":\"Blog Fritts\"},\"url\":\"https:\/\/fritts.es\/en\/author\/fritts\/\"}]}<\/script>\n<!-- \/ Yoast SEO plugin. -->","yoast_head_json":{"title":"\u00a1Estamos en la Feria Mogy!","description":"Este a\u00f1o el equipo DBP Ingenier\u00eda estar\u00e1 en la Feria de la Movilidad y la Sostenibilidad MOGY del 30 de septiembre al 2 de octubre.","robots":{"index":"index","follow":"follow","max-snippet":"max-snippet:-1","max-image-preview":"max-image-preview:large","max-video-preview":"max-video-preview:-1"},"canonical":"https:\/\/fritts.es\/en\/feria-mogy\/","og_locale":"en_GB","og_type":"article","og_title":"\u00a1Estamos en la Feria Mogy!","og_description":"Este a\u00f1o el equipo DBP Ingenier\u00eda estar\u00e1 en la Feria de la Movilidad y la Sostenibilidad MOGY del 30 de septiembre al 2 de octubre.","og_url":"https:\/\/fritts.es\/en\/feria-mogy\/","og_site_name":"Fritts","article_published_time":"2022-09-26T09:55:49+00:00","og_image":[{"width":1080,"height":1080,"url":"https:\/\/fritts.es\/wp-content\/uploads\/2022\/09\/carrusel3_02.09.2022.jpeg","type":"image\/jpeg"}],"author":"Blog Fritts","twitter_card":"summary_large_image","twitter_misc":{"Written by":"Blog Fritts","Estimated reading time":"2 minutes"},"schema":{"@context":"https:\/\/schema.org","@graph":[{"@type":"Article","@id":"https:\/\/fritts.es\/feria-mogy\/#article","isPartOf":{"@id":"https:\/\/fritts.es\/feria-mogy\/"},"author":{"name":"Blog Fritts","@id":"https:\/\/fritts.es\/#\/schema\/person\/73c6dcd451cf9ef2a8b37e582526c99b"},"headline":"\u00a1Estamos en la feria MOGY!","datePublished":"2022-09-26T09:55:49+00:00","mainEntityOfPage":{"@id":"https:\/\/fritts.es\/feria-mogy\/"},"wordCount":352,"commentCount":0,"publisher":{"@id":"https:\/\/fritts.es\/#organization"},"image":{"@id":"https:\/\/fritts.es\/feria-mogy\/#primaryimage"},"thumbnailUrl":"https:\/\/fritts.es\/wp-content\/uploads\/2022\/09\/carrusel3_02.09.2022.jpeg","articleSection":["Uncategorized"],"inLanguage":"en-GB","potentialAction":[{"@type":"CommentAction","name":"Comment","target":["https:\/\/fritts.es\/feria-mogy\/#respond"]}]},{"@type":"WebPage","@id":"https:\/\/fritts.es\/feria-mogy\/","url":"https:\/\/fritts.es\/feria-mogy\/","name":"\u00a1Estamos en la Feria Mogy!","isPartOf":{"@id":"https:\/\/fritts.es\/#website"},"primaryImageOfPage":{"@id":"https:\/\/fritts.es\/feria-mogy\/#primaryimage"},"image":{"@id":"https:\/\/fritts.es\/feria-mogy\/#primaryimage"},"thumbnailUrl":"https:\/\/fritts.es\/wp-content\/uploads\/2022\/09\/carrusel3_02.09.2022.jpeg","datePublished":"2022-09-26T09:55:49+00:00","description":"Este a\u00f1o el equipo DBP Ingenier\u00eda estar\u00e1 en la Feria de la Movilidad y la Sostenibilidad MOGY del 30 de septiembre al 2 de octubre.","breadcrumb":{"@id":"https:\/\/fritts.es\/feria-mogy\/#breadcrumb"},"inLanguage":"en-GB","potentialAction":[{"@type":"ReadAction","target":["https:\/\/fritts.es\/feria-mogy\/"]}]},{"@type":"ImageObject","inLanguage":"en-GB","@id":"https:\/\/fritts.es\/feria-mogy\/#primaryimage","url":"https:\/\/fritts.es\/wp-content\/uploads\/2022\/09\/carrusel3_02.09.2022.jpeg","contentUrl":"https:\/\/fritts.es\/wp-content\/uploads\/2022\/09\/carrusel3_02.09.2022.jpeg","width":1080,"height":1080,"caption":"Feria Mogy"},{"@type":"BreadcrumbList","@id":"https:\/\/fritts.es\/feria-mogy\/#breadcrumb","itemListElement":[{"@type":"ListItem","position":1,"name":"Portada","item":"https:\/\/fritts.es\/"},{"@type":"ListItem","position":2,"name":"\u00a1Estamos en la feria MOGY!"}]},{"@type":"WebSite","@id":"https:\/\/fritts.es\/#website","url":"https:\/\/fritts.es\/","name":"Fritts","description":"Instalaci\u00f3n industrial de placas solares","publisher":{"@id":"https:\/\/fritts.es\/#organization"},"potentialAction":[{"@type":"SearchAction","target":{"@type":"EntryPoint","urlTemplate":"https:\/\/fritts.es\/?s={search_term_string}"},"query-input":{"@type":"PropertyValueSpecification","valueRequired":true,"valueName":"search_term_string"}}],"inLanguage":"en-GB"},{"@type":"Organization","@id":"https:\/\/fritts.es\/#organization","name":"Fritts","url":"https:\/\/fritts.es\/","logo":{"@type":"ImageObject","inLanguage":"en-GB","@id":"https:\/\/fritts.es\/#\/schema\/logo\/image\/","url":"https:\/\/fritts.es\/wp-content\/uploads\/2023\/12\/Capa-2.png","contentUrl":"https:\/\/fritts.es\/wp-content\/uploads\/2023\/12\/Capa-2.png","width":974,"height":380,"caption":"Fritts"},"image":{"@id":"https:\/\/fritts.es\/#\/schema\/logo\/image\/"},"sameAs":["https:\/\/es.linkedin.com\/company\/frittsingenieria"]},{"@type":"Person","@id":"https:\/\/fritts.es\/#\/schema\/person\/73c6dcd451cf9ef2a8b37e582526c99b","name":"Blog Fritts","image":{"@type":"ImageObject","inLanguage":"en-GB","@id":"https:\/\/fritts.es\/#\/schema\/person\/image\/","url":"https:\/\/secure.gravatar.com\/avatar\/5fb6ca79142910e8c5ddbf255418500037cf495c3a10c3cc3ff7f6ec5fbf60e3?s=96&d=mm&r=g","contentUrl":"https:\/\/secure.gravatar.com\/avatar\/5fb6ca79142910e8c5ddbf255418500037cf495c3a10c3cc3ff7f6ec5fbf60e3?s=96&d=mm&r=g","caption":"Blog Fritts"},"url":"https:\/\/fritts.es\/en\/author\/fritts\/"}]}},"_links":{"self":[{"href":"https:\/\/fritts.es\/en\/wp-json\/wp\/v2\/posts\/1432","targetHints":{"allow":["GET"]}}],"collection":[{"href":"https:\/\/fritts.es\/en\/wp-json\/wp\/v2\/posts"}],"about":[{"href":"https:\/\/fritts.es\/en\/wp-json\/wp\/v2\/types\/post"}],"author":[{"embeddable":true,"href":"https:\/\/fritts.es\/en\/wp-json\/wp\/v2\/users\/2"}],"replies":[{"embeddable":true,"href":"https:\/\/fritts.es\/en\/wp-json\/wp\/v2\/comments?post=1432"}],"version-history":[{"count":0,"href":"https:\/\/fritts.es\/en\/wp-json\/wp\/v2\/posts\/1432\/revisions"}],"wp:featuredmedia":[{"embeddable":true,"href":"https:\/\/fritts.es\/en\/wp-json\/wp\/v2\/media\/1443"}],"wp:attachment":[{"href":"https:\/\/fritts.es\/en\/wp-json\/wp\/v2\/media?parent=1432"}],"wp:term":[{"taxonomy":"category","embeddable":true,"href":"https:\/\/fritts.es\/en\/wp-json\/wp\/v2\/categories?post=1432"},{"taxonomy":"post_tag","embeddable":true,"href":"https:\/\/fritts.es\/en\/wp-json\/wp\/v2\/tags?post=1432"}],"curies":[{"name":"wp","href":"https:\/\/api.w.org\/{rel}","templated":true}]}}