{"id":2392,"date":"2023-11-24T11:30:00","date_gmt":"2023-11-24T11:30:00","guid":{"rendered":"https:\/\/fritts.es\/?p=2392"},"modified":"2024-05-07T08:28:03","modified_gmt":"2024-05-07T08:28:03","slug":"requisitos-a-tener-en-cuenta-para-la-instalacion-de-placas-solares","status":"publish","type":"post","link":"https:\/\/fritts.es\/en\/requisitos-a-tener-en-cuenta-para-la-instalacion-de-placas-solares\/","title":{"rendered":"Requirements to take into account for the installation of solar panels in your industry"},"content":{"rendered":"<h2 class=\"wp-block-heading\">\u00bfTu industria cumple con los requisitos necesarios para la instalaci\u00f3n de placas solares?<\/h2>\n\n\n\n<p><br>Requisitos clave para la instalaci\u00f3n de placas solares en un contexto de <strong>autoconsumo industrial<\/strong>.<\/p>\n\n\n\n<p>Si est\u00e1s considerando la instalaci\u00f3n de placas solares para el autoconsumo industrial, es esencial evaluar ciertos requisitos espec\u00edficos que garantizar\u00e1n el \u00e9xito de tu proyecto. Aqu\u00ed te proporcionamos las claves m\u00e1s importantes a tener en cuenta:<\/p>\n\n\n\n<h2 class=\"wp-block-heading\">Orientaci\u00f3n y Inclinaci\u00f3n del Techo<\/h2>\n\n\n\n<p>La orientaci\u00f3n ideal para maximizar la eficiencia de tus paneles solares es hacia el sur. Sin embargo, tambi\u00e9n es posible instalarlos en techos orientados al este o al oeste, aunque esto podr\u00eda implicar una ligera reducci\u00f3n en la eficiencia.<\/p>\n\n\n\n<p>La inclinaci\u00f3n \u00f3ptima de los paneles solares variar\u00e1 seg\u00fan tu ubicaci\u00f3n geogr\u00e1fica, pero generalmente se encuentra entre 30 y 40 grados.<\/p>\n\n\n\n<figure class=\"wp-block-image aligncenter size-large\"><img fetchpriority=\"high\" decoding=\"async\" width=\"1024\" height=\"683\" src=\"https:\/\/fritts.es\/wp-content\/uploads\/2023\/11\/electric-measuring-power-meter-for-energy-cost-at-2023-02-21-19-40-26-utc-1024x683.jpg\" alt=\"\" class=\"wp-image-2393\" srcset=\"https:\/\/fritts.es\/wp-content\/uploads\/2023\/11\/electric-measuring-power-meter-for-energy-cost-at-2023-02-21-19-40-26-utc-1024x683.jpg 1024w, https:\/\/fritts.es\/wp-content\/uploads\/2023\/11\/electric-measuring-power-meter-for-energy-cost-at-2023-02-21-19-40-26-utc-300x200.jpg 300w, https:\/\/fritts.es\/wp-content\/uploads\/2023\/11\/electric-measuring-power-meter-for-energy-cost-at-2023-02-21-19-40-26-utc-768x512.jpg 768w, https:\/\/fritts.es\/wp-content\/uploads\/2023\/11\/electric-measuring-power-meter-for-energy-cost-at-2023-02-21-19-40-26-utc-18x12.jpg 18w, https:\/\/fritts.es\/wp-content\/uploads\/2023\/11\/electric-measuring-power-meter-for-energy-cost-at-2023-02-21-19-40-26-utc.jpg 1200w\" sizes=\"(max-width: 1024px) 100vw, 1024px\" \/><\/figure>\n\n\n\n<div style=\"height:25px\" aria-hidden=\"true\" class=\"wp-block-spacer\"><\/div>\n\n\n\n<div style=\"height:25px\" aria-hidden=\"true\" class=\"wp-block-spacer\"><\/div>\n\n\n\n<h2 class=\"wp-block-heading\">Espacio Disponible<\/h2>\n\n\n\n<p>Aseg\u00farate de contar con suficiente espacio en tu industrial, con zona despejada en el techo para instalar el n\u00famero de paneles necesarios para cubrir tu consumo el\u00e9ctrico. Considera obst\u00e1culos como chimeneas o ventanas que puedan afectar la disposici\u00f3n de los paneles.<\/p>\n\n\n\n<h2 class=\"wp-block-heading\">Estado del Techo<\/h2>\n\n\n\n<p>Es crucial que tu techo est\u00e9 en buenas condiciones y sea capaz de soportar el peso adicional de las placas solares. Puede ser necesario realizar una inspecci\u00f3n estructural para confirmar su idoneidad.<\/p>\n\n\n\n<h2 class=\"wp-block-heading\">Sombreado<\/h2>\n\n\n\n<p>Objetos como \u00e1rboles, edificios cercanos u otros elementos pueden arrojar sombras sobre el techo durante el d\u00eda, lo que reducir\u00e1 la eficiencia de tus paneles solares. Es importante calcular el tiempo de sombra y considerar estrategias de dise\u00f1o para minimizar su impacto.<\/p>\n\n\n\n<h2 class=\"wp-block-heading\">Evaluaci\u00f3n por Profesionales<\/h2>\n\n\n\n<p>Realizar una evaluaci\u00f3n detallada por parte de expertos es un paso crucial en el proceso. Esto permitir\u00e1 obtener un an\u00e1lisis completo de la instalaci\u00f3n y dise\u00f1ar un sistema que se adapte espec\u00edficamente a las necesidades de tu proyecto de autoconsumo industrial.<\/p>\n\n\n\n<h2 class=\"wp-block-heading\">Financiaci\u00f3n y Amortizaci\u00f3n<\/h2>\n\n\n\n<p>Obtener un<a href=\"https:\/\/fritts.es\/en\/contacto\/\" target=\"_blank\" rel=\"noreferrer noopener\"> presupuesto detallado<\/a> que desglose cada aspecto de la instalaci\u00f3n es fundamental. Esto te ayudar\u00e1 a comprender la proyecci\u00f3n de ahorros en tu factura de electricidad y a identificar posibles ayudas financieras a nivel nacional o auton\u00f3mico que puedan estar disponibles.<\/p>\n\n\n\n<p>Estos son los principales requisitos y consideraciones que tanto t\u00fa como nosotros tendremos en cuenta al abordar tu proyecto de autoconsumo industrial. <\/p>\n\n\n\n<p>Recuerda que estamos preparados para adaptarnos a todo tipo de proyectos y que puedes consultar ejemplos de nuestros trabajos anteriores para obtener una idea de nuestra experiencia en este campo. <\/p>\n\n\n\n<p>\u00a1Estamos aqu\u00ed para ayudarte a aprovechar al m\u00e1ximo la energ\u00eda solar en tu empresa!<\/p>","protected":false},"excerpt":{"rendered":"<p>Si est\u00e1s considerando la instalaci\u00f3n de placas solares para el autoconsumo en tu industria, es esencial evaluar ciertos requisitos <\/p>","protected":false},"author":1,"featured_media":2627,"comment_status":"open","ping_status":"closed","sticky":false,"template":"","format":"standard","meta":{"footnotes":""},"categories":[9,12,13],"tags":[],"class_list":["post-2392","post","type-post","status-publish","format-standard","has-post-thumbnail","hentry","category-autoconsumo-solar","category-eficiencia-energetica","category-guias-y-consejos"],"yoast_head":"<!-- This site is optimized with the Yoast SEO plugin v25.7 - https:\/\/yoast.com\/wordpress\/plugins\/seo\/ -->\n<title>Requisitos a tener en cuenta para la instalaci\u00f3n de placas solares en tu industria<\/title>\n<meta name=\"description\" content=\"Si est\u00e1s considerando la instalaci\u00f3n de placas solares para el autoconsumo en tu industria, es esencial evaluar ciertos requisitos\" \/>\n<meta name=\"robots\" content=\"index, follow, max-snippet:-1, max-image-preview:large, max-video-preview:-1\" \/>\n<link rel=\"canonical\" href=\"https:\/\/fritts.es\/en\/requisitos-a-tener-en-cuenta-para-la-instalacion-de-placas-solares\/\" \/>\n<meta property=\"og:locale\" content=\"en_GB\" \/>\n<meta property=\"og:type\" content=\"article\" \/>\n<meta property=\"og:title\" content=\"Requisitos a tener en cuenta para la instalaci\u00f3n de placas solares en tu industria\" \/>\n<meta property=\"og:description\" content=\"Si est\u00e1s considerando la instalaci\u00f3n de placas solares para el autoconsumo en tu industria, es esencial evaluar ciertos requisitos\" \/>\n<meta property=\"og:url\" content=\"https:\/\/fritts.es\/en\/requisitos-a-tener-en-cuenta-para-la-instalacion-de-placas-solares\/\" \/>\n<meta property=\"og:site_name\" content=\"Fritts\" \/>\n<meta property=\"article:published_time\" content=\"2023-11-24T11:30:00+00:00\" \/>\n<meta property=\"article:modified_time\" content=\"2024-05-07T08:28:03+00:00\" \/>\n<meta property=\"og:image\" content=\"https:\/\/fritts.es\/wp-content\/uploads\/2023\/11\/Diseno-sin-titulo-37.png\" \/>\n\t<meta property=\"og:image:width\" content=\"600\" \/>\n\t<meta property=\"og:image:height\" content=\"400\" \/>\n\t<meta property=\"og:image:type\" content=\"image\/png\" \/>\n<meta name=\"author\" content=\"admin\" \/>\n<meta name=\"twitter:card\" content=\"summary_large_image\" \/>\n<meta name=\"twitter:label1\" content=\"Written by\" \/>\n\t<meta name=\"twitter:data1\" content=\"admin\" \/>\n\t<meta name=\"twitter:label2\" content=\"Estimated reading time\" \/>\n\t<meta name=\"twitter:data2\" content=\"3 minutes\" \/>\n<script type=\"application\/ld+json\" class=\"yoast-schema-graph\">{\"@context\":\"https:\/\/schema.org\",\"@graph\":[{\"@type\":\"Article\",\"@id\":\"https:\/\/fritts.es\/requisitos-a-tener-en-cuenta-para-la-instalacion-de-placas-solares\/#article\",\"isPartOf\":{\"@id\":\"https:\/\/fritts.es\/requisitos-a-tener-en-cuenta-para-la-instalacion-de-placas-solares\/\"},\"author\":{\"name\":\"admin\",\"@id\":\"https:\/\/fritts.es\/#\/schema\/person\/9b6d630af0e4b1228e976b4e78f28888\"},\"headline\":\"Requisitos a tener en cuenta para la instalaci\u00f3n de placas solares en tu industria\",\"datePublished\":\"2023-11-24T11:30:00+00:00\",\"dateModified\":\"2024-05-07T08:28:03+00:00\",\"mainEntityOfPage\":{\"@id\":\"https:\/\/fritts.es\/requisitos-a-tener-en-cuenta-para-la-instalacion-de-placas-solares\/\"},\"wordCount\":455,\"commentCount\":0,\"publisher\":{\"@id\":\"https:\/\/fritts.es\/#organization\"},\"image\":{\"@id\":\"https:\/\/fritts.es\/requisitos-a-tener-en-cuenta-para-la-instalacion-de-placas-solares\/#primaryimage\"},\"thumbnailUrl\":\"https:\/\/fritts.es\/wp-content\/uploads\/2023\/11\/Diseno-sin-titulo-37.png\",\"articleSection\":[\"Autoconsumo Solar\",\"Eficiencia Energ\u00e9tica\",\"Gu\u00edas y Consejos\"],\"inLanguage\":\"en-GB\",\"potentialAction\":[{\"@type\":\"CommentAction\",\"name\":\"Comment\",\"target\":[\"https:\/\/fritts.es\/requisitos-a-tener-en-cuenta-para-la-instalacion-de-placas-solares\/#respond\"]}]},{\"@type\":\"WebPage\",\"@id\":\"https:\/\/fritts.es\/requisitos-a-tener-en-cuenta-para-la-instalacion-de-placas-solares\/\",\"url\":\"https:\/\/fritts.es\/requisitos-a-tener-en-cuenta-para-la-instalacion-de-placas-solares\/\",\"name\":\"Requisitos a tener en cuenta para la instalaci\u00f3n de placas solares en tu industria\",\"isPartOf\":{\"@id\":\"https:\/\/fritts.es\/#website\"},\"primaryImageOfPage\":{\"@id\":\"https:\/\/fritts.es\/requisitos-a-tener-en-cuenta-para-la-instalacion-de-placas-solares\/#primaryimage\"},\"image\":{\"@id\":\"https:\/\/fritts.es\/requisitos-a-tener-en-cuenta-para-la-instalacion-de-placas-solares\/#primaryimage\"},\"thumbnailUrl\":\"https:\/\/fritts.es\/wp-content\/uploads\/2023\/11\/Diseno-sin-titulo-37.png\",\"datePublished\":\"2023-11-24T11:30:00+00:00\",\"dateModified\":\"2024-05-07T08:28:03+00:00\",\"description\":\"Si est\u00e1s considerando la instalaci\u00f3n de placas solares para el autoconsumo en tu industria, es esencial evaluar ciertos requisitos\",\"breadcrumb\":{\"@id\":\"https:\/\/fritts.es\/requisitos-a-tener-en-cuenta-para-la-instalacion-de-placas-solares\/#breadcrumb\"},\"inLanguage\":\"en-GB\",\"potentialAction\":[{\"@type\":\"ReadAction\",\"target\":[\"https:\/\/fritts.es\/requisitos-a-tener-en-cuenta-para-la-instalacion-de-placas-solares\/\"]}]},{\"@type\":\"ImageObject\",\"inLanguage\":\"en-GB\",\"@id\":\"https:\/\/fritts.es\/requisitos-a-tener-en-cuenta-para-la-instalacion-de-placas-solares\/#primaryimage\",\"url\":\"https:\/\/fritts.es\/wp-content\/uploads\/2023\/11\/Diseno-sin-titulo-37.png\",\"contentUrl\":\"https:\/\/fritts.es\/wp-content\/uploads\/2023\/11\/Diseno-sin-titulo-37.png\",\"width\":600,\"height\":400},{\"@type\":\"BreadcrumbList\",\"@id\":\"https:\/\/fritts.es\/requisitos-a-tener-en-cuenta-para-la-instalacion-de-placas-solares\/#breadcrumb\",\"itemListElement\":[{\"@type\":\"ListItem\",\"position\":1,\"name\":\"Portada\",\"item\":\"https:\/\/fritts.es\/\"},{\"@type\":\"ListItem\",\"position\":2,\"name\":\"Requisitos a tener en cuenta para la instalaci\u00f3n de placas solares en tu industria\"}]},{\"@type\":\"WebSite\",\"@id\":\"https:\/\/fritts.es\/#website\",\"url\":\"https:\/\/fritts.es\/\",\"name\":\"Fritts\",\"description\":\"Instalaci\u00f3n industrial de placas solares\",\"publisher\":{\"@id\":\"https:\/\/fritts.es\/#organization\"},\"potentialAction\":[{\"@type\":\"SearchAction\",\"target\":{\"@type\":\"EntryPoint\",\"urlTemplate\":\"https:\/\/fritts.es\/?s={search_term_string}\"},\"query-input\":{\"@type\":\"PropertyValueSpecification\",\"valueRequired\":true,\"valueName\":\"search_term_string\"}}],\"inLanguage\":\"en-GB\"},{\"@type\":\"Organization\",\"@id\":\"https:\/\/fritts.es\/#organization\",\"name\":\"Fritts\",\"url\":\"https:\/\/fritts.es\/\",\"logo\":{\"@type\":\"ImageObject\",\"inLanguage\":\"en-GB\",\"@id\":\"https:\/\/fritts.es\/#\/schema\/logo\/image\/\",\"url\":\"https:\/\/fritts.es\/wp-content\/uploads\/2023\/12\/Capa-2.png\",\"contentUrl\":\"https:\/\/fritts.es\/wp-content\/uploads\/2023\/12\/Capa-2.png\",\"width\":974,\"height\":380,\"caption\":\"Fritts\"},\"image\":{\"@id\":\"https:\/\/fritts.es\/#\/schema\/logo\/image\/\"},\"sameAs\":[\"https:\/\/es.linkedin.com\/company\/frittsingenieria\"]},{\"@type\":\"Person\",\"@id\":\"https:\/\/fritts.es\/#\/schema\/person\/9b6d630af0e4b1228e976b4e78f28888\",\"name\":\"admin\",\"image\":{\"@type\":\"ImageObject\",\"inLanguage\":\"en-GB\",\"@id\":\"https:\/\/fritts.es\/#\/schema\/person\/image\/\",\"url\":\"https:\/\/secure.gravatar.com\/avatar\/e8396663744391e2585c065f69eb74816b47e0fdcf9085c4256c1b903ef937c9?s=96&d=mm&r=g\",\"contentUrl\":\"https:\/\/secure.gravatar.com\/avatar\/e8396663744391e2585c065f69eb74816b47e0fdcf9085c4256c1b903ef937c9?s=96&d=mm&r=g\",\"caption\":\"admin\"},\"sameAs\":[\"https:\/\/fritts.es\"],\"url\":\"https:\/\/fritts.es\/en\/author\/miguel_tlcs303f\/\"}]}<\/script>\n<!-- \/ Yoast SEO plugin. -->","yoast_head_json":{"title":"Requirements to take into account for the installation of solar panels in your industry","description":"Si est\u00e1s considerando la instalaci\u00f3n de placas solares para el autoconsumo en tu industria, es esencial evaluar ciertos requisitos","robots":{"index":"index","follow":"follow","max-snippet":"max-snippet:-1","max-image-preview":"max-image-preview:large","max-video-preview":"max-video-preview:-1"},"canonical":"https:\/\/fritts.es\/en\/requisitos-a-tener-en-cuenta-para-la-instalacion-de-placas-solares\/","og_locale":"en_GB","og_type":"article","og_title":"Requisitos a tener en cuenta para la instalaci\u00f3n de placas solares en tu industria","og_description":"Si est\u00e1s considerando la instalaci\u00f3n de placas solares para el autoconsumo en tu industria, es esencial evaluar ciertos requisitos","og_url":"https:\/\/fritts.es\/en\/requisitos-a-tener-en-cuenta-para-la-instalacion-de-placas-solares\/","og_site_name":"Fritts","article_published_time":"2023-11-24T11:30:00+00:00","article_modified_time":"2024-05-07T08:28:03+00:00","og_image":[{"width":600,"height":400,"url":"https:\/\/fritts.es\/wp-content\/uploads\/2023\/11\/Diseno-sin-titulo-37.png","type":"image\/png"}],"author":"admin","twitter_card":"summary_large_image","twitter_misc":{"Written by":"admin","Estimated reading time":"3 minutes"},"schema":{"@context":"https:\/\/schema.org","@graph":[{"@type":"Article","@id":"https:\/\/fritts.es\/requisitos-a-tener-en-cuenta-para-la-instalacion-de-placas-solares\/#article","isPartOf":{"@id":"https:\/\/fritts.es\/requisitos-a-tener-en-cuenta-para-la-instalacion-de-placas-solares\/"},"author":{"name":"admin","@id":"https:\/\/fritts.es\/#\/schema\/person\/9b6d630af0e4b1228e976b4e78f28888"},"headline":"Requisitos a tener en cuenta para la instalaci\u00f3n de placas solares en tu industria","datePublished":"2023-11-24T11:30:00+00:00","dateModified":"2024-05-07T08:28:03+00:00","mainEntityOfPage":{"@id":"https:\/\/fritts.es\/requisitos-a-tener-en-cuenta-para-la-instalacion-de-placas-solares\/"},"wordCount":455,"commentCount":0,"publisher":{"@id":"https:\/\/fritts.es\/#organization"},"image":{"@id":"https:\/\/fritts.es\/requisitos-a-tener-en-cuenta-para-la-instalacion-de-placas-solares\/#primaryimage"},"thumbnailUrl":"https:\/\/fritts.es\/wp-content\/uploads\/2023\/11\/Diseno-sin-titulo-37.png","articleSection":["Autoconsumo Solar","Eficiencia Energ\u00e9tica","Gu\u00edas y Consejos"],"inLanguage":"en-GB","potentialAction":[{"@type":"CommentAction","name":"Comment","target":["https:\/\/fritts.es\/requisitos-a-tener-en-cuenta-para-la-instalacion-de-placas-solares\/#respond"]}]},{"@type":"WebPage","@id":"https:\/\/fritts.es\/requisitos-a-tener-en-cuenta-para-la-instalacion-de-placas-solares\/","url":"https:\/\/fritts.es\/requisitos-a-tener-en-cuenta-para-la-instalacion-de-placas-solares\/","name":"Requirements to take into account for the installation of solar panels in your industry","isPartOf":{"@id":"https:\/\/fritts.es\/#website"},"primaryImageOfPage":{"@id":"https:\/\/fritts.es\/requisitos-a-tener-en-cuenta-para-la-instalacion-de-placas-solares\/#primaryimage"},"image":{"@id":"https:\/\/fritts.es\/requisitos-a-tener-en-cuenta-para-la-instalacion-de-placas-solares\/#primaryimage"},"thumbnailUrl":"https:\/\/fritts.es\/wp-content\/uploads\/2023\/11\/Diseno-sin-titulo-37.png","datePublished":"2023-11-24T11:30:00+00:00","dateModified":"2024-05-07T08:28:03+00:00","description":"Si est\u00e1s considerando la instalaci\u00f3n de placas solares para el autoconsumo en tu industria, es esencial evaluar ciertos requisitos","breadcrumb":{"@id":"https:\/\/fritts.es\/requisitos-a-tener-en-cuenta-para-la-instalacion-de-placas-solares\/#breadcrumb"},"inLanguage":"en-GB","potentialAction":[{"@type":"ReadAction","target":["https:\/\/fritts.es\/requisitos-a-tener-en-cuenta-para-la-instalacion-de-placas-solares\/"]}]},{"@type":"ImageObject","inLanguage":"en-GB","@id":"https:\/\/fritts.es\/requisitos-a-tener-en-cuenta-para-la-instalacion-de-placas-solares\/#primaryimage","url":"https:\/\/fritts.es\/wp-content\/uploads\/2023\/11\/Diseno-sin-titulo-37.png","contentUrl":"https:\/\/fritts.es\/wp-content\/uploads\/2023\/11\/Diseno-sin-titulo-37.png","width":600,"height":400},{"@type":"BreadcrumbList","@id":"https:\/\/fritts.es\/requisitos-a-tener-en-cuenta-para-la-instalacion-de-placas-solares\/#breadcrumb","itemListElement":[{"@type":"ListItem","position":1,"name":"Portada","item":"https:\/\/fritts.es\/"},{"@type":"ListItem","position":2,"name":"Requisitos a tener en cuenta para la instalaci\u00f3n de placas solares en tu industria"}]},{"@type":"WebSite","@id":"https:\/\/fritts.es\/#website","url":"https:\/\/fritts.es\/","name":"Fritts","description":"Instalaci\u00f3n industrial de placas solares","publisher":{"@id":"https:\/\/fritts.es\/#organization"},"potentialAction":[{"@type":"SearchAction","target":{"@type":"EntryPoint","urlTemplate":"https:\/\/fritts.es\/?s={search_term_string}"},"query-input":{"@type":"PropertyValueSpecification","valueRequired":true,"valueName":"search_term_string"}}],"inLanguage":"en-GB"},{"@type":"Organization","@id":"https:\/\/fritts.es\/#organization","name":"Fritts","url":"https:\/\/fritts.es\/","logo":{"@type":"ImageObject","inLanguage":"en-GB","@id":"https:\/\/fritts.es\/#\/schema\/logo\/image\/","url":"https:\/\/fritts.es\/wp-content\/uploads\/2023\/12\/Capa-2.png","contentUrl":"https:\/\/fritts.es\/wp-content\/uploads\/2023\/12\/Capa-2.png","width":974,"height":380,"caption":"Fritts"},"image":{"@id":"https:\/\/fritts.es\/#\/schema\/logo\/image\/"},"sameAs":["https:\/\/es.linkedin.com\/company\/frittsingenieria"]},{"@type":"Person","@id":"https:\/\/fritts.es\/#\/schema\/person\/9b6d630af0e4b1228e976b4e78f28888","name":"admin","image":{"@type":"ImageObject","inLanguage":"en-GB","@id":"https:\/\/fritts.es\/#\/schema\/person\/image\/","url":"https:\/\/secure.gravatar.com\/avatar\/e8396663744391e2585c065f69eb74816b47e0fdcf9085c4256c1b903ef937c9?s=96&d=mm&r=g","contentUrl":"https:\/\/secure.gravatar.com\/avatar\/e8396663744391e2585c065f69eb74816b47e0fdcf9085c4256c1b903ef937c9?s=96&d=mm&r=g","caption":"admin"},"sameAs":["https:\/\/fritts.es"],"url":"https:\/\/fritts.es\/en\/author\/miguel_tlcs303f\/"}]}},"_links":{"self":[{"href":"https:\/\/fritts.es\/en\/wp-json\/wp\/v2\/posts\/2392","targetHints":{"allow":["GET"]}}],"collection":[{"href":"https:\/\/fritts.es\/en\/wp-json\/wp\/v2\/posts"}],"about":[{"href":"https:\/\/fritts.es\/en\/wp-json\/wp\/v2\/types\/post"}],"author":[{"embeddable":true,"href":"https:\/\/fritts.es\/en\/wp-json\/wp\/v2\/users\/1"}],"replies":[{"embeddable":true,"href":"https:\/\/fritts.es\/en\/wp-json\/wp\/v2\/comments?post=2392"}],"version-history":[{"count":0,"href":"https:\/\/fritts.es\/en\/wp-json\/wp\/v2\/posts\/2392\/revisions"}],"wp:featuredmedia":[{"embeddable":true,"href":"https:\/\/fritts.es\/en\/wp-json\/wp\/v2\/media\/2627"}],"wp:attachment":[{"href":"https:\/\/fritts.es\/en\/wp-json\/wp\/v2\/media?parent=2392"}],"wp:term":[{"taxonomy":"category","embeddable":true,"href":"https:\/\/fritts.es\/en\/wp-json\/wp\/v2\/categories?post=2392"},{"taxonomy":"post_tag","embeddable":true,"href":"https:\/\/fritts.es\/en\/wp-json\/wp\/v2\/tags?post=2392"}],"curies":[{"name":"wp","href":"https:\/\/api.w.org\/{rel}","templated":true}]}}