{"id":2617,"date":"2024-04-24T11:46:41","date_gmt":"2024-04-24T11:46:41","guid":{"rendered":"https:\/\/fritts.es\/?p=2617"},"modified":"2024-05-07T08:17:27","modified_gmt":"2024-05-07T08:17:27","slug":"el-estado-de-la-transicion-energetica-en-espana","status":"publish","type":"post","link":"https:\/\/fritts.es\/en\/el-estado-de-la-transicion-energetica-en-espana\/","title":{"rendered":"The state of the energy transition in Spain"},"content":{"rendered":"<p>In <a href=\"https:\/\/fritts.es\/en\/\" target=\"_blank\" rel=\"noreferrer noopener\">Fritts<\/a> conocemos de primera mano el proceso que conlleva para una industria el pasar por la transici\u00f3n energ\u00e9tica.<\/p>\n\n\n\n<p>Este concepto es fundamental, puesto que emerge como un faro de esperanza para mitigar los impactos devastadores del cambio clim\u00e1tico.&nbsp;<\/p>\n\n\n\n<h2 class=\"wp-block-heading\">Piensa global, act\u00faa local<\/h2>\n\n\n\n<p>En Espa\u00f1a, este proceso adquiere una relevancia fundamental, no s\u00f3lo como un imperativo ambiental, sino como una oportunidad para redefinir el futuro energ\u00e9tico del pa\u00eds y garantizar la prosperidad de las generaciones futuras.<\/p>\n\n\n\n<p>La transici\u00f3n energ\u00e9tica representa una metamorfosis en los cimientos mismos de nuestro sistema energ\u00e9tico. Se trata de una evoluci\u00f3n necesaria, destinada a desplazar progresivamente los combustibles f\u00f3siles por fuentes renovables y tecnolog\u00edas de baja emisi\u00f3n de carbono.<\/p>\n\n\n\n<p>Este viaje no solo implica una transformaci\u00f3n en la manera en que producimos y consumimos energ\u00eda, sino que tambi\u00e9n conlleva cambios profundos en la estructura econ\u00f3mica y social de la sociedad.<\/p>\n\n\n\n<h2 class=\"wp-block-heading\">Espa\u00f1a en la vanguardia de la transformaci\u00f3n<\/h2>\n\n\n\n<p>A medida que avanzamos en este 2024, Espa\u00f1a se posiciona en la vanguardia de la transici\u00f3n energ\u00e9tica, liderando el camino hacia un futuro m\u00e1s sostenible y resiliente.<\/p>\n\n\n\n<p>La geograf\u00eda privilegiada del pa\u00eds, junto con su compromiso pol\u00edtico y la innovaci\u00f3n tecnol\u00f3gica, ha propiciado un escenario propicio para el florecimiento de las energ\u00edas renovables y la reducci\u00f3n de las emisiones de gases de efecto invernadero.<\/p>\n\n\n\n<p>Sin embargo, el camino hacia la sostenibilidad no est\u00e1 exento de <strong>desaf\u00edos<\/strong>. Aunque Espa\u00f1a ha logrado avances significativos en la integraci\u00f3n de energ\u00edas renovables en su matriz energ\u00e9tica, a\u00fan enfrenta obst\u00e1culos en materia de <strong>almacenamiento de energ\u00eda,<\/strong> <strong>modernizaci\u00f3n de la infraestructura el\u00e9ctrica<\/strong> y gesti\u00f3n eficiente de la demanda.&nbsp;<\/p>\n\n\n\n<p>Superar estos desaf\u00edos requerir\u00e1 de una colaboraci\u00f3n estrecha entre el gobierno, el sector privado y la sociedad civil, as\u00ed como una visi\u00f3n audaz y progresista hacia el futuro.<\/p>\n\n\n\n<p>Es por ello que, a medida que nos adentramos en 2024, Espa\u00f1a avanza con determinaci\u00f3n hacia un futuro energ\u00e9tico m\u00e1s limpio, sostenible y justo.<\/p>","protected":false},"excerpt":{"rendered":"<p>En Fritts conocemos de primera mano el proceso que conlleva para una industria el pasar por la transici\u00f3n energ\u00e9tica. Este concepto es fundamental, puesto que emerge como un faro de esperanza para mitigar los impactos devastadores del cambio clim\u00e1tico.&nbsp; Piensa global, act\u00faa local En Espa\u00f1a, este proceso adquiere una relevancia fundamental, no s\u00f3lo como un [&hellip;]<\/p>","protected":false},"author":1,"featured_media":2623,"comment_status":"open","ping_status":"closed","sticky":false,"template":"","format":"standard","meta":{"footnotes":""},"categories":[12,10],"tags":[],"class_list":["post-2617","post","type-post","status-publish","format-standard","has-post-thumbnail","hentry","category-eficiencia-energetica","category-noticias"],"yoast_head":"<!-- This site is optimized with the Yoast SEO plugin v25.7 - https:\/\/yoast.com\/wordpress\/plugins\/seo\/ -->\n<title>El estado de la transici\u00f3n energ\u00e9tica en Espa\u00f1a - Fritts<\/title>\n<meta name=\"description\" content=\"En Fritts conocemos de primera mano el proceso que conlleva para una industria el pasar por la transici\u00f3n energ\u00e9tica.\" \/>\n<meta name=\"robots\" content=\"index, follow, max-snippet:-1, max-image-preview:large, max-video-preview:-1\" \/>\n<link rel=\"canonical\" href=\"https:\/\/fritts.es\/en\/el-estado-de-la-transicion-energetica-en-espana\/\" \/>\n<meta property=\"og:locale\" content=\"en_GB\" \/>\n<meta property=\"og:type\" content=\"article\" \/>\n<meta property=\"og:title\" content=\"El estado de la transici\u00f3n energ\u00e9tica en Espa\u00f1a - Fritts\" \/>\n<meta property=\"og:description\" content=\"En Fritts conocemos de primera mano el proceso que conlleva para una industria el pasar por la transici\u00f3n energ\u00e9tica.\" \/>\n<meta property=\"og:url\" content=\"https:\/\/fritts.es\/en\/el-estado-de-la-transicion-energetica-en-espana\/\" \/>\n<meta property=\"og:site_name\" content=\"Fritts\" \/>\n<meta property=\"article:published_time\" content=\"2024-04-24T11:46:41+00:00\" \/>\n<meta property=\"article:modified_time\" content=\"2024-05-07T08:17:27+00:00\" \/>\n<meta property=\"og:image\" content=\"https:\/\/fritts.es\/wp-content\/uploads\/2024\/04\/Diseno-sin-titulo-34.png\" \/>\n\t<meta property=\"og:image:width\" content=\"600\" \/>\n\t<meta property=\"og:image:height\" content=\"400\" \/>\n\t<meta property=\"og:image:type\" content=\"image\/png\" \/>\n<meta name=\"author\" content=\"admin\" \/>\n<meta name=\"twitter:card\" content=\"summary_large_image\" \/>\n<meta name=\"twitter:label1\" content=\"Written by\" \/>\n\t<meta name=\"twitter:data1\" content=\"admin\" \/>\n\t<meta name=\"twitter:label2\" content=\"Estimated reading time\" \/>\n\t<meta name=\"twitter:data2\" content=\"2 minutes\" \/>\n<script type=\"application\/ld+json\" class=\"yoast-schema-graph\">{\"@context\":\"https:\/\/schema.org\",\"@graph\":[{\"@type\":\"Article\",\"@id\":\"https:\/\/fritts.es\/el-estado-de-la-transicion-energetica-en-espana\/#article\",\"isPartOf\":{\"@id\":\"https:\/\/fritts.es\/el-estado-de-la-transicion-energetica-en-espana\/\"},\"author\":{\"name\":\"admin\",\"@id\":\"https:\/\/fritts.es\/#\/schema\/person\/9b6d630af0e4b1228e976b4e78f28888\"},\"headline\":\"El estado de la transici\u00f3n energ\u00e9tica en Espa\u00f1a\",\"datePublished\":\"2024-04-24T11:46:41+00:00\",\"dateModified\":\"2024-05-07T08:17:27+00:00\",\"mainEntityOfPage\":{\"@id\":\"https:\/\/fritts.es\/el-estado-de-la-transicion-energetica-en-espana\/\"},\"wordCount\":376,\"commentCount\":0,\"publisher\":{\"@id\":\"https:\/\/fritts.es\/#organization\"},\"image\":{\"@id\":\"https:\/\/fritts.es\/el-estado-de-la-transicion-energetica-en-espana\/#primaryimage\"},\"thumbnailUrl\":\"https:\/\/fritts.es\/wp-content\/uploads\/2024\/04\/Diseno-sin-titulo-34.png\",\"articleSection\":[\"Eficiencia Energ\u00e9tica\",\"Noticias\"],\"inLanguage\":\"en-GB\",\"potentialAction\":[{\"@type\":\"CommentAction\",\"name\":\"Comment\",\"target\":[\"https:\/\/fritts.es\/el-estado-de-la-transicion-energetica-en-espana\/#respond\"]}]},{\"@type\":\"WebPage\",\"@id\":\"https:\/\/fritts.es\/el-estado-de-la-transicion-energetica-en-espana\/\",\"url\":\"https:\/\/fritts.es\/el-estado-de-la-transicion-energetica-en-espana\/\",\"name\":\"El estado de la transici\u00f3n energ\u00e9tica en Espa\u00f1a - Fritts\",\"isPartOf\":{\"@id\":\"https:\/\/fritts.es\/#website\"},\"primaryImageOfPage\":{\"@id\":\"https:\/\/fritts.es\/el-estado-de-la-transicion-energetica-en-espana\/#primaryimage\"},\"image\":{\"@id\":\"https:\/\/fritts.es\/el-estado-de-la-transicion-energetica-en-espana\/#primaryimage\"},\"thumbnailUrl\":\"https:\/\/fritts.es\/wp-content\/uploads\/2024\/04\/Diseno-sin-titulo-34.png\",\"datePublished\":\"2024-04-24T11:46:41+00:00\",\"dateModified\":\"2024-05-07T08:17:27+00:00\",\"description\":\"En Fritts conocemos de primera mano el proceso que conlleva para una industria el pasar por la transici\u00f3n energ\u00e9tica.\",\"breadcrumb\":{\"@id\":\"https:\/\/fritts.es\/el-estado-de-la-transicion-energetica-en-espana\/#breadcrumb\"},\"inLanguage\":\"en-GB\",\"potentialAction\":[{\"@type\":\"ReadAction\",\"target\":[\"https:\/\/fritts.es\/el-estado-de-la-transicion-energetica-en-espana\/\"]}]},{\"@type\":\"ImageObject\",\"inLanguage\":\"en-GB\",\"@id\":\"https:\/\/fritts.es\/el-estado-de-la-transicion-energetica-en-espana\/#primaryimage\",\"url\":\"https:\/\/fritts.es\/wp-content\/uploads\/2024\/04\/Diseno-sin-titulo-34.png\",\"contentUrl\":\"https:\/\/fritts.es\/wp-content\/uploads\/2024\/04\/Diseno-sin-titulo-34.png\",\"width\":600,\"height\":400},{\"@type\":\"BreadcrumbList\",\"@id\":\"https:\/\/fritts.es\/el-estado-de-la-transicion-energetica-en-espana\/#breadcrumb\",\"itemListElement\":[{\"@type\":\"ListItem\",\"position\":1,\"name\":\"Portada\",\"item\":\"https:\/\/fritts.es\/\"},{\"@type\":\"ListItem\",\"position\":2,\"name\":\"El estado de la transici\u00f3n energ\u00e9tica en Espa\u00f1a\"}]},{\"@type\":\"WebSite\",\"@id\":\"https:\/\/fritts.es\/#website\",\"url\":\"https:\/\/fritts.es\/\",\"name\":\"Fritts\",\"description\":\"Instalaci\u00f3n industrial de placas solares\",\"publisher\":{\"@id\":\"https:\/\/fritts.es\/#organization\"},\"potentialAction\":[{\"@type\":\"SearchAction\",\"target\":{\"@type\":\"EntryPoint\",\"urlTemplate\":\"https:\/\/fritts.es\/?s={search_term_string}\"},\"query-input\":{\"@type\":\"PropertyValueSpecification\",\"valueRequired\":true,\"valueName\":\"search_term_string\"}}],\"inLanguage\":\"en-GB\"},{\"@type\":\"Organization\",\"@id\":\"https:\/\/fritts.es\/#organization\",\"name\":\"Fritts\",\"url\":\"https:\/\/fritts.es\/\",\"logo\":{\"@type\":\"ImageObject\",\"inLanguage\":\"en-GB\",\"@id\":\"https:\/\/fritts.es\/#\/schema\/logo\/image\/\",\"url\":\"https:\/\/fritts.es\/wp-content\/uploads\/2023\/12\/Capa-2.png\",\"contentUrl\":\"https:\/\/fritts.es\/wp-content\/uploads\/2023\/12\/Capa-2.png\",\"width\":974,\"height\":380,\"caption\":\"Fritts\"},\"image\":{\"@id\":\"https:\/\/fritts.es\/#\/schema\/logo\/image\/\"},\"sameAs\":[\"https:\/\/es.linkedin.com\/company\/frittsingenieria\"]},{\"@type\":\"Person\",\"@id\":\"https:\/\/fritts.es\/#\/schema\/person\/9b6d630af0e4b1228e976b4e78f28888\",\"name\":\"admin\",\"image\":{\"@type\":\"ImageObject\",\"inLanguage\":\"en-GB\",\"@id\":\"https:\/\/fritts.es\/#\/schema\/person\/image\/\",\"url\":\"https:\/\/secure.gravatar.com\/avatar\/e8396663744391e2585c065f69eb74816b47e0fdcf9085c4256c1b903ef937c9?s=96&d=mm&r=g\",\"contentUrl\":\"https:\/\/secure.gravatar.com\/avatar\/e8396663744391e2585c065f69eb74816b47e0fdcf9085c4256c1b903ef937c9?s=96&d=mm&r=g\",\"caption\":\"admin\"},\"sameAs\":[\"https:\/\/fritts.es\"],\"url\":\"https:\/\/fritts.es\/en\/author\/miguel_tlcs303f\/\"}]}<\/script>\n<!-- \/ Yoast SEO plugin. -->","yoast_head_json":{"title":"El estado de la transici\u00f3n energ\u00e9tica en Espa\u00f1a - Fritts","description":"En Fritts conocemos de primera mano el proceso que conlleva para una industria el pasar por la transici\u00f3n energ\u00e9tica.","robots":{"index":"index","follow":"follow","max-snippet":"max-snippet:-1","max-image-preview":"max-image-preview:large","max-video-preview":"max-video-preview:-1"},"canonical":"https:\/\/fritts.es\/en\/el-estado-de-la-transicion-energetica-en-espana\/","og_locale":"en_GB","og_type":"article","og_title":"El estado de la transici\u00f3n energ\u00e9tica en Espa\u00f1a - Fritts","og_description":"En Fritts conocemos de primera mano el proceso que conlleva para una industria el pasar por la transici\u00f3n energ\u00e9tica.","og_url":"https:\/\/fritts.es\/en\/el-estado-de-la-transicion-energetica-en-espana\/","og_site_name":"Fritts","article_published_time":"2024-04-24T11:46:41+00:00","article_modified_time":"2024-05-07T08:17:27+00:00","og_image":[{"width":600,"height":400,"url":"https:\/\/fritts.es\/wp-content\/uploads\/2024\/04\/Diseno-sin-titulo-34.png","type":"image\/png"}],"author":"admin","twitter_card":"summary_large_image","twitter_misc":{"Written by":"admin","Estimated reading time":"2 minutes"},"schema":{"@context":"https:\/\/schema.org","@graph":[{"@type":"Article","@id":"https:\/\/fritts.es\/el-estado-de-la-transicion-energetica-en-espana\/#article","isPartOf":{"@id":"https:\/\/fritts.es\/el-estado-de-la-transicion-energetica-en-espana\/"},"author":{"name":"admin","@id":"https:\/\/fritts.es\/#\/schema\/person\/9b6d630af0e4b1228e976b4e78f28888"},"headline":"El estado de la transici\u00f3n energ\u00e9tica en Espa\u00f1a","datePublished":"2024-04-24T11:46:41+00:00","dateModified":"2024-05-07T08:17:27+00:00","mainEntityOfPage":{"@id":"https:\/\/fritts.es\/el-estado-de-la-transicion-energetica-en-espana\/"},"wordCount":376,"commentCount":0,"publisher":{"@id":"https:\/\/fritts.es\/#organization"},"image":{"@id":"https:\/\/fritts.es\/el-estado-de-la-transicion-energetica-en-espana\/#primaryimage"},"thumbnailUrl":"https:\/\/fritts.es\/wp-content\/uploads\/2024\/04\/Diseno-sin-titulo-34.png","articleSection":["Eficiencia Energ\u00e9tica","Noticias"],"inLanguage":"en-GB","potentialAction":[{"@type":"CommentAction","name":"Comment","target":["https:\/\/fritts.es\/el-estado-de-la-transicion-energetica-en-espana\/#respond"]}]},{"@type":"WebPage","@id":"https:\/\/fritts.es\/el-estado-de-la-transicion-energetica-en-espana\/","url":"https:\/\/fritts.es\/el-estado-de-la-transicion-energetica-en-espana\/","name":"El estado de la transici\u00f3n energ\u00e9tica en Espa\u00f1a - Fritts","isPartOf":{"@id":"https:\/\/fritts.es\/#website"},"primaryImageOfPage":{"@id":"https:\/\/fritts.es\/el-estado-de-la-transicion-energetica-en-espana\/#primaryimage"},"image":{"@id":"https:\/\/fritts.es\/el-estado-de-la-transicion-energetica-en-espana\/#primaryimage"},"thumbnailUrl":"https:\/\/fritts.es\/wp-content\/uploads\/2024\/04\/Diseno-sin-titulo-34.png","datePublished":"2024-04-24T11:46:41+00:00","dateModified":"2024-05-07T08:17:27+00:00","description":"En Fritts conocemos de primera mano el proceso que conlleva para una industria el pasar por la transici\u00f3n energ\u00e9tica.","breadcrumb":{"@id":"https:\/\/fritts.es\/el-estado-de-la-transicion-energetica-en-espana\/#breadcrumb"},"inLanguage":"en-GB","potentialAction":[{"@type":"ReadAction","target":["https:\/\/fritts.es\/el-estado-de-la-transicion-energetica-en-espana\/"]}]},{"@type":"ImageObject","inLanguage":"en-GB","@id":"https:\/\/fritts.es\/el-estado-de-la-transicion-energetica-en-espana\/#primaryimage","url":"https:\/\/fritts.es\/wp-content\/uploads\/2024\/04\/Diseno-sin-titulo-34.png","contentUrl":"https:\/\/fritts.es\/wp-content\/uploads\/2024\/04\/Diseno-sin-titulo-34.png","width":600,"height":400},{"@type":"BreadcrumbList","@id":"https:\/\/fritts.es\/el-estado-de-la-transicion-energetica-en-espana\/#breadcrumb","itemListElement":[{"@type":"ListItem","position":1,"name":"Portada","item":"https:\/\/fritts.es\/"},{"@type":"ListItem","position":2,"name":"El estado de la transici\u00f3n energ\u00e9tica en Espa\u00f1a"}]},{"@type":"WebSite","@id":"https:\/\/fritts.es\/#website","url":"https:\/\/fritts.es\/","name":"Fritts","description":"Instalaci\u00f3n industrial de placas solares","publisher":{"@id":"https:\/\/fritts.es\/#organization"},"potentialAction":[{"@type":"SearchAction","target":{"@type":"EntryPoint","urlTemplate":"https:\/\/fritts.es\/?s={search_term_string}"},"query-input":{"@type":"PropertyValueSpecification","valueRequired":true,"valueName":"search_term_string"}}],"inLanguage":"en-GB"},{"@type":"Organization","@id":"https:\/\/fritts.es\/#organization","name":"Fritts","url":"https:\/\/fritts.es\/","logo":{"@type":"ImageObject","inLanguage":"en-GB","@id":"https:\/\/fritts.es\/#\/schema\/logo\/image\/","url":"https:\/\/fritts.es\/wp-content\/uploads\/2023\/12\/Capa-2.png","contentUrl":"https:\/\/fritts.es\/wp-content\/uploads\/2023\/12\/Capa-2.png","width":974,"height":380,"caption":"Fritts"},"image":{"@id":"https:\/\/fritts.es\/#\/schema\/logo\/image\/"},"sameAs":["https:\/\/es.linkedin.com\/company\/frittsingenieria"]},{"@type":"Person","@id":"https:\/\/fritts.es\/#\/schema\/person\/9b6d630af0e4b1228e976b4e78f28888","name":"admin","image":{"@type":"ImageObject","inLanguage":"en-GB","@id":"https:\/\/fritts.es\/#\/schema\/person\/image\/","url":"https:\/\/secure.gravatar.com\/avatar\/e8396663744391e2585c065f69eb74816b47e0fdcf9085c4256c1b903ef937c9?s=96&d=mm&r=g","contentUrl":"https:\/\/secure.gravatar.com\/avatar\/e8396663744391e2585c065f69eb74816b47e0fdcf9085c4256c1b903ef937c9?s=96&d=mm&r=g","caption":"admin"},"sameAs":["https:\/\/fritts.es"],"url":"https:\/\/fritts.es\/en\/author\/miguel_tlcs303f\/"}]}},"_links":{"self":[{"href":"https:\/\/fritts.es\/en\/wp-json\/wp\/v2\/posts\/2617","targetHints":{"allow":["GET"]}}],"collection":[{"href":"https:\/\/fritts.es\/en\/wp-json\/wp\/v2\/posts"}],"about":[{"href":"https:\/\/fritts.es\/en\/wp-json\/wp\/v2\/types\/post"}],"author":[{"embeddable":true,"href":"https:\/\/fritts.es\/en\/wp-json\/wp\/v2\/users\/1"}],"replies":[{"embeddable":true,"href":"https:\/\/fritts.es\/en\/wp-json\/wp\/v2\/comments?post=2617"}],"version-history":[{"count":0,"href":"https:\/\/fritts.es\/en\/wp-json\/wp\/v2\/posts\/2617\/revisions"}],"wp:featuredmedia":[{"embeddable":true,"href":"https:\/\/fritts.es\/en\/wp-json\/wp\/v2\/media\/2623"}],"wp:attachment":[{"href":"https:\/\/fritts.es\/en\/wp-json\/wp\/v2\/media?parent=2617"}],"wp:term":[{"taxonomy":"category","embeddable":true,"href":"https:\/\/fritts.es\/en\/wp-json\/wp\/v2\/categories?post=2617"},{"taxonomy":"post_tag","embeddable":true,"href":"https:\/\/fritts.es\/en\/wp-json\/wp\/v2\/tags?post=2617"}],"curies":[{"name":"wp","href":"https:\/\/api.w.org\/{rel}","templated":true}]}}