{"id":858,"date":"2021-07-26T13:58:00","date_gmt":"2021-07-26T13:58:00","guid":{"rendered":"https:\/\/dbpingenieria.com\/?p=858"},"modified":"2023-02-24T15:05:06","modified_gmt":"2023-02-24T15:05:06","slug":"ayudas-2021-para-la-instalacion-o-ampliacion-de-placas-solares","status":"publish","type":"post","link":"https:\/\/fritts.es\/en\/ayudas-2021-para-la-instalacion-o-ampliacion-de-placas-solares\/","title":{"rendered":"AID 2021 FOR THE INSTALLATION OR EXTENSION OF SOLAR PANELS"},"content":{"rendered":"<p>El&nbsp;Gobierno&nbsp;ha aprobado el Real Decreto 477\/2021 para conceder 660 millones de euros, ampliables a 1.320 millones, en ayudas para instalaciones de autoconsumo (hasta 900 millones), almacenamiento detr\u00e1s del contador (hasta 220 millones) y climatizaci\u00f3n con energ\u00edas renovables (hasta 200 millones). Con cargo al presupuesto del&nbsp;Plan de Recuperaci\u00f3n, Transformaci\u00f3n y Resiliencia, son las primeras l\u00edneas a gran escala a nivel estatal dirigidas espec\u00edficamente a autoconsumo y almacenamiento.<\/p>\n\n\n\n<p>Las ayudas fomentar\u00e1n la competitividad de empresas y econom\u00edas dom\u00e9sticas al reducir sus costes energ\u00e9ticos.<\/p>\n\n\n\n<p>Las l\u00edneas de ayudas para particulares, aut\u00f3nomos y administraciones entran en vigor al d\u00eda siguiente de la&nbsp;publicaci\u00f3n del Real Decreto en el Bolet\u00edn Oficial del Estado&nbsp;(BOE) el 30 de junio. Los destinatarios de las ayudas tendr\u00e1n un plazo de 18 meses para justificar la construcci\u00f3n de las instalaciones desde el momento en que se les notifique su concesi\u00f3n.<\/p>\n\n\n\n<p><strong>Reparto de las ayudas<\/strong><\/p>\n\n\n\n<p>Las subvenciones ser\u00e1n repartidas por las comunidades y ciudades aut\u00f3nomas hasta el a\u00f1o 2023, algo ya consensuado en la&nbsp;Conferencia Sectorial de Energ\u00eda&nbsp;del pasado 12 de mayo.<\/p>\n\n\n\n<p>El Instituto para la Diversificaci\u00f3n y el Ahorro de la Energ\u00eda (IDAE) ser\u00e1 quien se encargue de coordinar las actuaciones y de hacer un seguimiento de su evoluci\u00f3n.<\/p>\n\n\n\n<p>Seg\u00fan se vayan ejecutando las cuant\u00edas iniciales asignadas a cada Comunidad Aut\u00f3noma, los 660 millones inicialmente presupuestados se ampliar\u00e1n hasta alcanzar los 1.320 millones del programa total. Las comunidades y ciudades aut\u00f3nomas deber\u00e1n comprometer un 80% del presupuesto inicial durante el primer a\u00f1o o tendr\u00e1n que reintegrar la mitad de lo no comprometido en el plazo de 15 meses desde la publicaci\u00f3n en el BOE de este Real Decreto.<\/p>\n\n\n\n<p>Se calcula que los 660 millones permitir\u00e1n construir 1.850 MW de generaci\u00f3n renovable, incluyendo la sustituci\u00f3n de combustibles f\u00f3siles por energ\u00eda renovable en calefacci\u00f3n y refrigeraci\u00f3n en m\u00e1s de 40.000 viviendas. De igual modo, se estima que generar\u00e1n m\u00e1s de 25.000 empleos directos e indirectos, y que el PIB crecer\u00e1 de 1,7 a 3,2 millones por cada mill\u00f3n de euros de ayuda materializada. Adem\u00e1s, las instalaciones que se ejecuten permitir\u00e1n la reducci\u00f3n de las emisiones de CO2 en m\u00e1s de un mill\u00f3n de toneladas anuales.<\/p>\n\n\n\n<figure class=\"wp-block-image\"><img decoding=\"async\" src=\"https:\/\/dbpingenieria.com\/wp-content\/uploads\/2021\/07\/ayudas-2021-placas-solares-dbp-ingenieria.png\" alt=\"\"\/><\/figure>\n\n\n\n<p><strong>Desarrollo de seis programas<\/strong><\/p>\n\n\n\n<p>El paquete de ayudas se articular\u00e1 por medio de seis programas: Autoconsumo y almacenamiento en el sector servicios, dotado con 120 millones de euros (20 millones para almacenamiento); Autoconsumo y almacenamiento en otros sectores productivos, como la industria o el agropecuario, dotado con 175 millones (25 millones para almacenamiento); Incorporaci\u00f3n de almacenamiento en autoconsumos existentes en sectores econ\u00f3micos, que repartir\u00e1 45 millones entre las Comunidades Aut\u00f3nomas y las ciudades de Ceuta y Melilla; Autoconsumo y almacenamiento en el sector residencial, el sector p\u00fablico y el tercer sector, con una dotaci\u00f3n de 215 millones (15 millones para almacenamiento); Incorporaci\u00f3n de almacenamiento en autoconsumos del sector residencial, sector p\u00fablico y tercer sector, con 5 millones presupuestados; y, por \u00faltimo, el sexto programa contempla 100 millones de euros para climatizaci\u00f3n y agua caliente sanitaria obtenida con renovables en el sector residencial, incluida la vivienda p\u00fablica protegida.<\/p>\n\n\n\n<p>En concreto, se podr\u00e1 subvencionar la inversi\u00f3n en equipos y materiales; la obra civil; los equipamientos electromec\u00e1nicos, hidr\u00e1ulicos, de control y auxiliares; los sistemas de gesti\u00f3n y monitorizaci\u00f3n, la redacci\u00f3n de proyectos, memorias t\u00e9cnicas y direcci\u00f3n facultativa, entre otras actuaciones.<\/p>\n\n\n\n<p><strong>Caracter\u00edsticas de las subvenciones<\/strong><\/p>\n\n\n\n<p>La intensidad de las ayudas variar\u00e1 en funci\u00f3n del beneficiario y del tipo de instalaci\u00f3n. Para las empresas se asignar\u00e1 un porcentaje sobre el volumen de inversi\u00f3n inicial \u2013hasta un m\u00e1ximo\u2013, y para los particulares y las administraciones p\u00fablicas se subvencionar\u00e1 un porcentaje fijo.<\/p>\n\n\n\n<p>En el caso de la energ\u00eda solar fotovoltaica las ayudas abarcar\u00e1n desde el 15% para una gran empresa hasta el 45% para una pyme o un sistema peque\u00f1o, inferior a 10 kW. Por su parte, los particulares podr\u00e1n beneficiarse de un 40% -50% en los sistemas de autoconsumo colectivo- y las administraciones p\u00fablicas del 70%. Se valorar\u00e1 la retirada de cubiertas de amianto y la instalaci\u00f3n de marquesinas para optimizar el uso del espacio, como es frecuente en aparcamientos.<\/p>\n\n\n\n<p>Para la energ\u00eda e\u00f3lica, la subvenci\u00f3n oscilar\u00e1 entre el 20% para la instalaci\u00f3n m\u00e1s grande en grandes empresas y el 50% en los sistemas m\u00e1s peque\u00f1os para pymes; los particulares obtendr\u00e1n un 50% y las administraciones p\u00fablicas un 70%.<\/p>\n\n\n\n<p>En las instalaciones de almacenamiento detr\u00e1s del contador, que en general ser\u00e1n bater\u00edas, las ayudas para las empresas variar\u00e1n entre el 45% y el 65%, dependiendo del tama\u00f1o de la organizaci\u00f3n, mientras que los particulares, administraciones y entidades del tercer sector podr\u00e1n beneficiarse de un 70%. Y en climatizaci\u00f3n con renovables, la subvenci\u00f3n depender\u00e1 de la tecnolog\u00eda empleada \u2013como la biomasa o la geotermia\u2013, y ser\u00e1 del 40% al 70%. Las Administraciones p\u00fablicas propietarias de edificios residenciales podr\u00e1n obtener un 70%.<\/p>\n\n\n\n<p>Adem\u00e1s, todos los conceptos anteriores se incrementar\u00e1n en un 5% adicional en los municipios con menos de 5.000 habitantes y en los municipios con menos de 20.000 habitantes en entornos rurales cuyos diferentes n\u00facleos de poblaci\u00f3n tengan menos de 5.000 habitantes.<\/p>","protected":false},"excerpt":{"rendered":"<p>El Gobierno ha aprobado el Real Decreto 477\/2021 para conceder 660 millones de euros, ampliables a 1.320 millones, en ayudas para instalaciones de autoconsumo (hasta 900 millones), almacenamiento detr\u00e1s del contador (hasta 220 millones) y climatizaci\u00f3n con energ\u00edas renovables (hasta 200 millones). Con cargo al presupuesto del Plan de Recuperaci\u00f3n, Transformaci\u00f3n y Resiliencia, son las primeras l\u00edneas a gran escala a nivel estatal dirigidas espec\u00edficamente a autoconsumo y almacenamiento.<\/p>","protected":false},"author":2,"featured_media":760,"comment_status":"closed","ping_status":"closed","sticky":false,"template":"","format":"standard","meta":{"footnotes":""},"categories":[9,10],"tags":[],"class_list":["post-858","post","type-post","status-publish","format-standard","has-post-thumbnail","hentry","category-autoconsumo-solar","category-noticias"],"yoast_head":"<!-- This site is optimized with the Yoast SEO plugin v25.7 - https:\/\/yoast.com\/wordpress\/plugins\/seo\/ -->\n<title>AYUDAS 2021 PARA LA INSTALACI\u00d3N O AMPLIACI\u00d3N DE PLACAS SOLARES - Fritts<\/title>\n<meta name=\"robots\" content=\"index, follow, max-snippet:-1, max-image-preview:large, max-video-preview:-1\" \/>\n<link rel=\"canonical\" href=\"https:\/\/fritts.es\/en\/ayudas-2021-para-la-instalacion-o-ampliacion-de-placas-solares\/\" \/>\n<meta property=\"og:locale\" content=\"en_GB\" \/>\n<meta property=\"og:type\" content=\"article\" \/>\n<meta property=\"og:title\" content=\"AYUDAS 2021 PARA LA INSTALACI\u00d3N O AMPLIACI\u00d3N DE PLACAS SOLARES - Fritts\" \/>\n<meta property=\"og:description\" content=\"El Gobierno ha aprobado el Real Decreto 477\/2021 para conceder 660 millones de euros, ampliables a 1.320 millones, en ayudas para instalaciones de autoconsumo (hasta 900 millones), almacenamiento detr\u00e1s del contador (hasta 220 millones) y climatizaci\u00f3n con energ\u00edas renovables (hasta 200 millones). Con cargo al presupuesto del Plan de Recuperaci\u00f3n, Transformaci\u00f3n y Resiliencia, son las primeras l\u00edneas a gran escala a nivel estatal dirigidas espec\u00edficamente a autoconsumo y almacenamiento.\" \/>\n<meta property=\"og:url\" content=\"https:\/\/fritts.es\/en\/ayudas-2021-para-la-instalacion-o-ampliacion-de-placas-solares\/\" \/>\n<meta property=\"og:site_name\" content=\"Fritts\" \/>\n<meta property=\"article:published_time\" content=\"2021-07-26T13:58:00+00:00\" \/>\n<meta property=\"article:modified_time\" content=\"2023-02-24T15:05:06+00:00\" \/>\n<meta property=\"og:image\" content=\"https:\/\/fritts.es\/wp-content\/uploads\/2021\/07\/dbp-ingenieria-ayudas-placas-solares-2021.jpg\" \/>\n\t<meta property=\"og:image:width\" content=\"750\" \/>\n\t<meta property=\"og:image:height\" content=\"483\" \/>\n\t<meta property=\"og:image:type\" content=\"image\/jpeg\" \/>\n<meta name=\"author\" content=\"Blog Fritts\" \/>\n<meta name=\"twitter:card\" content=\"summary_large_image\" \/>\n<meta name=\"twitter:label1\" content=\"Written by\" \/>\n\t<meta name=\"twitter:data1\" content=\"Blog Fritts\" \/>\n\t<meta name=\"twitter:label2\" content=\"Estimated reading time\" \/>\n\t<meta name=\"twitter:data2\" content=\"5 minutes\" \/>\n<script type=\"application\/ld+json\" class=\"yoast-schema-graph\">{\"@context\":\"https:\/\/schema.org\",\"@graph\":[{\"@type\":\"Article\",\"@id\":\"https:\/\/fritts.es\/ayudas-2021-para-la-instalacion-o-ampliacion-de-placas-solares\/#article\",\"isPartOf\":{\"@id\":\"https:\/\/fritts.es\/ayudas-2021-para-la-instalacion-o-ampliacion-de-placas-solares\/\"},\"author\":{\"name\":\"Blog Fritts\",\"@id\":\"https:\/\/fritts.es\/#\/schema\/person\/73c6dcd451cf9ef2a8b37e582526c99b\"},\"headline\":\"AYUDAS 2021 PARA LA INSTALACI\u00d3N O AMPLIACI\u00d3N DE PLACAS SOLARES\",\"datePublished\":\"2021-07-26T13:58:00+00:00\",\"dateModified\":\"2023-02-24T15:05:06+00:00\",\"mainEntityOfPage\":{\"@id\":\"https:\/\/fritts.es\/ayudas-2021-para-la-instalacion-o-ampliacion-de-placas-solares\/\"},\"wordCount\":908,\"publisher\":{\"@id\":\"https:\/\/fritts.es\/#organization\"},\"image\":{\"@id\":\"https:\/\/fritts.es\/ayudas-2021-para-la-instalacion-o-ampliacion-de-placas-solares\/#primaryimage\"},\"thumbnailUrl\":\"https:\/\/fritts.es\/wp-content\/uploads\/2021\/07\/dbp-ingenieria-ayudas-placas-solares-2021.jpg\",\"articleSection\":[\"Autoconsumo Solar\",\"Noticias\"],\"inLanguage\":\"en-GB\"},{\"@type\":\"WebPage\",\"@id\":\"https:\/\/fritts.es\/ayudas-2021-para-la-instalacion-o-ampliacion-de-placas-solares\/\",\"url\":\"https:\/\/fritts.es\/ayudas-2021-para-la-instalacion-o-ampliacion-de-placas-solares\/\",\"name\":\"AYUDAS 2021 PARA LA INSTALACI\u00d3N O AMPLIACI\u00d3N DE PLACAS SOLARES - Fritts\",\"isPartOf\":{\"@id\":\"https:\/\/fritts.es\/#website\"},\"primaryImageOfPage\":{\"@id\":\"https:\/\/fritts.es\/ayudas-2021-para-la-instalacion-o-ampliacion-de-placas-solares\/#primaryimage\"},\"image\":{\"@id\":\"https:\/\/fritts.es\/ayudas-2021-para-la-instalacion-o-ampliacion-de-placas-solares\/#primaryimage\"},\"thumbnailUrl\":\"https:\/\/fritts.es\/wp-content\/uploads\/2021\/07\/dbp-ingenieria-ayudas-placas-solares-2021.jpg\",\"datePublished\":\"2021-07-26T13:58:00+00:00\",\"dateModified\":\"2023-02-24T15:05:06+00:00\",\"breadcrumb\":{\"@id\":\"https:\/\/fritts.es\/ayudas-2021-para-la-instalacion-o-ampliacion-de-placas-solares\/#breadcrumb\"},\"inLanguage\":\"en-GB\",\"potentialAction\":[{\"@type\":\"ReadAction\",\"target\":[\"https:\/\/fritts.es\/ayudas-2021-para-la-instalacion-o-ampliacion-de-placas-solares\/\"]}]},{\"@type\":\"ImageObject\",\"inLanguage\":\"en-GB\",\"@id\":\"https:\/\/fritts.es\/ayudas-2021-para-la-instalacion-o-ampliacion-de-placas-solares\/#primaryimage\",\"url\":\"https:\/\/fritts.es\/wp-content\/uploads\/2021\/07\/dbp-ingenieria-ayudas-placas-solares-2021.jpg\",\"contentUrl\":\"https:\/\/fritts.es\/wp-content\/uploads\/2021\/07\/dbp-ingenieria-ayudas-placas-solares-2021.jpg\",\"width\":750,\"height\":483,\"caption\":\"dbp ingenieria ayudas placas solares 2021\"},{\"@type\":\"BreadcrumbList\",\"@id\":\"https:\/\/fritts.es\/ayudas-2021-para-la-instalacion-o-ampliacion-de-placas-solares\/#breadcrumb\",\"itemListElement\":[{\"@type\":\"ListItem\",\"position\":1,\"name\":\"Portada\",\"item\":\"https:\/\/fritts.es\/\"},{\"@type\":\"ListItem\",\"position\":2,\"name\":\"AYUDAS 2021 PARA LA INSTALACI\u00d3N O AMPLIACI\u00d3N DE PLACAS SOLARES\"}]},{\"@type\":\"WebSite\",\"@id\":\"https:\/\/fritts.es\/#website\",\"url\":\"https:\/\/fritts.es\/\",\"name\":\"Fritts\",\"description\":\"Instalaci\u00f3n industrial de placas solares\",\"publisher\":{\"@id\":\"https:\/\/fritts.es\/#organization\"},\"potentialAction\":[{\"@type\":\"SearchAction\",\"target\":{\"@type\":\"EntryPoint\",\"urlTemplate\":\"https:\/\/fritts.es\/?s={search_term_string}\"},\"query-input\":{\"@type\":\"PropertyValueSpecification\",\"valueRequired\":true,\"valueName\":\"search_term_string\"}}],\"inLanguage\":\"en-GB\"},{\"@type\":\"Organization\",\"@id\":\"https:\/\/fritts.es\/#organization\",\"name\":\"Fritts\",\"url\":\"https:\/\/fritts.es\/\",\"logo\":{\"@type\":\"ImageObject\",\"inLanguage\":\"en-GB\",\"@id\":\"https:\/\/fritts.es\/#\/schema\/logo\/image\/\",\"url\":\"https:\/\/fritts.es\/wp-content\/uploads\/2023\/12\/Capa-2.png\",\"contentUrl\":\"https:\/\/fritts.es\/wp-content\/uploads\/2023\/12\/Capa-2.png\",\"width\":974,\"height\":380,\"caption\":\"Fritts\"},\"image\":{\"@id\":\"https:\/\/fritts.es\/#\/schema\/logo\/image\/\"},\"sameAs\":[\"https:\/\/es.linkedin.com\/company\/frittsingenieria\"]},{\"@type\":\"Person\",\"@id\":\"https:\/\/fritts.es\/#\/schema\/person\/73c6dcd451cf9ef2a8b37e582526c99b\",\"name\":\"Blog Fritts\",\"image\":{\"@type\":\"ImageObject\",\"inLanguage\":\"en-GB\",\"@id\":\"https:\/\/fritts.es\/#\/schema\/person\/image\/\",\"url\":\"https:\/\/secure.gravatar.com\/avatar\/5fb6ca79142910e8c5ddbf255418500037cf495c3a10c3cc3ff7f6ec5fbf60e3?s=96&d=mm&r=g\",\"contentUrl\":\"https:\/\/secure.gravatar.com\/avatar\/5fb6ca79142910e8c5ddbf255418500037cf495c3a10c3cc3ff7f6ec5fbf60e3?s=96&d=mm&r=g\",\"caption\":\"Blog Fritts\"},\"url\":\"https:\/\/fritts.es\/en\/author\/fritts\/\"}]}<\/script>\n<!-- \/ Yoast SEO plugin. -->","yoast_head_json":{"title":"AYUDAS 2021 PARA LA INSTALACI\u00d3N O AMPLIACI\u00d3N DE PLACAS SOLARES - Fritts","robots":{"index":"index","follow":"follow","max-snippet":"max-snippet:-1","max-image-preview":"max-image-preview:large","max-video-preview":"max-video-preview:-1"},"canonical":"https:\/\/fritts.es\/en\/ayudas-2021-para-la-instalacion-o-ampliacion-de-placas-solares\/","og_locale":"en_GB","og_type":"article","og_title":"AYUDAS 2021 PARA LA INSTALACI\u00d3N O AMPLIACI\u00d3N DE PLACAS SOLARES - Fritts","og_description":"El Gobierno ha aprobado el Real Decreto 477\/2021 para conceder 660 millones de euros, ampliables a 1.320 millones, en ayudas para instalaciones de autoconsumo (hasta 900 millones), almacenamiento detr\u00e1s del contador (hasta 220 millones) y climatizaci\u00f3n con energ\u00edas renovables (hasta 200 millones). Con cargo al presupuesto del Plan de Recuperaci\u00f3n, Transformaci\u00f3n y Resiliencia, son las primeras l\u00edneas a gran escala a nivel estatal dirigidas espec\u00edficamente a autoconsumo y almacenamiento.","og_url":"https:\/\/fritts.es\/en\/ayudas-2021-para-la-instalacion-o-ampliacion-de-placas-solares\/","og_site_name":"Fritts","article_published_time":"2021-07-26T13:58:00+00:00","article_modified_time":"2023-02-24T15:05:06+00:00","og_image":[{"width":750,"height":483,"url":"https:\/\/fritts.es\/wp-content\/uploads\/2021\/07\/dbp-ingenieria-ayudas-placas-solares-2021.jpg","type":"image\/jpeg"}],"author":"Blog Fritts","twitter_card":"summary_large_image","twitter_misc":{"Written by":"Blog Fritts","Estimated reading time":"5 minutes"},"schema":{"@context":"https:\/\/schema.org","@graph":[{"@type":"Article","@id":"https:\/\/fritts.es\/ayudas-2021-para-la-instalacion-o-ampliacion-de-placas-solares\/#article","isPartOf":{"@id":"https:\/\/fritts.es\/ayudas-2021-para-la-instalacion-o-ampliacion-de-placas-solares\/"},"author":{"name":"Blog Fritts","@id":"https:\/\/fritts.es\/#\/schema\/person\/73c6dcd451cf9ef2a8b37e582526c99b"},"headline":"AYUDAS 2021 PARA LA INSTALACI\u00d3N O AMPLIACI\u00d3N DE PLACAS SOLARES","datePublished":"2021-07-26T13:58:00+00:00","dateModified":"2023-02-24T15:05:06+00:00","mainEntityOfPage":{"@id":"https:\/\/fritts.es\/ayudas-2021-para-la-instalacion-o-ampliacion-de-placas-solares\/"},"wordCount":908,"publisher":{"@id":"https:\/\/fritts.es\/#organization"},"image":{"@id":"https:\/\/fritts.es\/ayudas-2021-para-la-instalacion-o-ampliacion-de-placas-solares\/#primaryimage"},"thumbnailUrl":"https:\/\/fritts.es\/wp-content\/uploads\/2021\/07\/dbp-ingenieria-ayudas-placas-solares-2021.jpg","articleSection":["Autoconsumo Solar","Noticias"],"inLanguage":"en-GB"},{"@type":"WebPage","@id":"https:\/\/fritts.es\/ayudas-2021-para-la-instalacion-o-ampliacion-de-placas-solares\/","url":"https:\/\/fritts.es\/ayudas-2021-para-la-instalacion-o-ampliacion-de-placas-solares\/","name":"AYUDAS 2021 PARA LA INSTALACI\u00d3N O AMPLIACI\u00d3N DE PLACAS SOLARES - Fritts","isPartOf":{"@id":"https:\/\/fritts.es\/#website"},"primaryImageOfPage":{"@id":"https:\/\/fritts.es\/ayudas-2021-para-la-instalacion-o-ampliacion-de-placas-solares\/#primaryimage"},"image":{"@id":"https:\/\/fritts.es\/ayudas-2021-para-la-instalacion-o-ampliacion-de-placas-solares\/#primaryimage"},"thumbnailUrl":"https:\/\/fritts.es\/wp-content\/uploads\/2021\/07\/dbp-ingenieria-ayudas-placas-solares-2021.jpg","datePublished":"2021-07-26T13:58:00+00:00","dateModified":"2023-02-24T15:05:06+00:00","breadcrumb":{"@id":"https:\/\/fritts.es\/ayudas-2021-para-la-instalacion-o-ampliacion-de-placas-solares\/#breadcrumb"},"inLanguage":"en-GB","potentialAction":[{"@type":"ReadAction","target":["https:\/\/fritts.es\/ayudas-2021-para-la-instalacion-o-ampliacion-de-placas-solares\/"]}]},{"@type":"ImageObject","inLanguage":"en-GB","@id":"https:\/\/fritts.es\/ayudas-2021-para-la-instalacion-o-ampliacion-de-placas-solares\/#primaryimage","url":"https:\/\/fritts.es\/wp-content\/uploads\/2021\/07\/dbp-ingenieria-ayudas-placas-solares-2021.jpg","contentUrl":"https:\/\/fritts.es\/wp-content\/uploads\/2021\/07\/dbp-ingenieria-ayudas-placas-solares-2021.jpg","width":750,"height":483,"caption":"dbp ingenieria ayudas placas solares 2021"},{"@type":"BreadcrumbList","@id":"https:\/\/fritts.es\/ayudas-2021-para-la-instalacion-o-ampliacion-de-placas-solares\/#breadcrumb","itemListElement":[{"@type":"ListItem","position":1,"name":"Portada","item":"https:\/\/fritts.es\/"},{"@type":"ListItem","position":2,"name":"AYUDAS 2021 PARA LA INSTALACI\u00d3N O AMPLIACI\u00d3N DE PLACAS SOLARES"}]},{"@type":"WebSite","@id":"https:\/\/fritts.es\/#website","url":"https:\/\/fritts.es\/","name":"Fritts","description":"Instalaci\u00f3n industrial de placas solares","publisher":{"@id":"https:\/\/fritts.es\/#organization"},"potentialAction":[{"@type":"SearchAction","target":{"@type":"EntryPoint","urlTemplate":"https:\/\/fritts.es\/?s={search_term_string}"},"query-input":{"@type":"PropertyValueSpecification","valueRequired":true,"valueName":"search_term_string"}}],"inLanguage":"en-GB"},{"@type":"Organization","@id":"https:\/\/fritts.es\/#organization","name":"Fritts","url":"https:\/\/fritts.es\/","logo":{"@type":"ImageObject","inLanguage":"en-GB","@id":"https:\/\/fritts.es\/#\/schema\/logo\/image\/","url":"https:\/\/fritts.es\/wp-content\/uploads\/2023\/12\/Capa-2.png","contentUrl":"https:\/\/fritts.es\/wp-content\/uploads\/2023\/12\/Capa-2.png","width":974,"height":380,"caption":"Fritts"},"image":{"@id":"https:\/\/fritts.es\/#\/schema\/logo\/image\/"},"sameAs":["https:\/\/es.linkedin.com\/company\/frittsingenieria"]},{"@type":"Person","@id":"https:\/\/fritts.es\/#\/schema\/person\/73c6dcd451cf9ef2a8b37e582526c99b","name":"Blog Fritts","image":{"@type":"ImageObject","inLanguage":"en-GB","@id":"https:\/\/fritts.es\/#\/schema\/person\/image\/","url":"https:\/\/secure.gravatar.com\/avatar\/5fb6ca79142910e8c5ddbf255418500037cf495c3a10c3cc3ff7f6ec5fbf60e3?s=96&d=mm&r=g","contentUrl":"https:\/\/secure.gravatar.com\/avatar\/5fb6ca79142910e8c5ddbf255418500037cf495c3a10c3cc3ff7f6ec5fbf60e3?s=96&d=mm&r=g","caption":"Blog Fritts"},"url":"https:\/\/fritts.es\/en\/author\/fritts\/"}]}},"_links":{"self":[{"href":"https:\/\/fritts.es\/en\/wp-json\/wp\/v2\/posts\/858","targetHints":{"allow":["GET"]}}],"collection":[{"href":"https:\/\/fritts.es\/en\/wp-json\/wp\/v2\/posts"}],"about":[{"href":"https:\/\/fritts.es\/en\/wp-json\/wp\/v2\/types\/post"}],"author":[{"embeddable":true,"href":"https:\/\/fritts.es\/en\/wp-json\/wp\/v2\/users\/2"}],"replies":[{"embeddable":true,"href":"https:\/\/fritts.es\/en\/wp-json\/wp\/v2\/comments?post=858"}],"version-history":[{"count":0,"href":"https:\/\/fritts.es\/en\/wp-json\/wp\/v2\/posts\/858\/revisions"}],"wp:featuredmedia":[{"embeddable":true,"href":"https:\/\/fritts.es\/en\/wp-json\/wp\/v2\/media\/760"}],"wp:attachment":[{"href":"https:\/\/fritts.es\/en\/wp-json\/wp\/v2\/media?parent=858"}],"wp:term":[{"taxonomy":"category","embeddable":true,"href":"https:\/\/fritts.es\/en\/wp-json\/wp\/v2\/categories?post=858"},{"taxonomy":"post_tag","embeddable":true,"href":"https:\/\/fritts.es\/en\/wp-json\/wp\/v2\/tags?post=858"}],"curies":[{"name":"wp","href":"https:\/\/api.w.org\/{rel}","templated":true}]}}